{"id":16660,"date":"2026-03-20T17:43:26","date_gmt":"2026-03-20T20:43:26","guid":{"rendered":"https:\/\/balancotocantins.com.br\/?p=16660"},"modified":"2026-03-20T17:43:38","modified_gmt":"2026-03-20T20:43:38","slug":"goiania-volta-ao-circuito-mundial-com-motogp-e-projeta-impacto-bilionario-na-economia","status":"publish","type":"post","link":"https:\/\/balancotocantins.com.br\/?p=16660","title":{"rendered":"Goi\u00e2nia volta ao circuito mundial com MotoGP e projeta impacto bilion\u00e1rio na economia"},"content":{"rendered":"<p>O governador Ronaldo Caiado acompanhou, nesta sexta-feira (20), a abertura oficial da etapa do Campeonato Mundial de Motovelocidade no Aut\u00f3dromo Internacional Ayrton Senna, em Goi\u00e2nia, destacando o retorno de Goi\u00e1s ao circuito dos grandes eventos esportivos internacionais ap\u00f3s 37 anos.<\/p>\n<p>Durante a agenda, o chefe do Executivo estadual ressaltou os investimentos realizados para requalifica\u00e7\u00e3o da estrutura e adequa\u00e7\u00e3o \u00e0s exig\u00eancias t\u00e9cnicas da competi\u00e7\u00e3o. \u201cNos dedicamos para ter uma pista totalmente reconstru\u00edda, com sistema de monitoramento sofisticado, paddocks estruturados e acesso completo \u00e0 telemetria. \u00c9 um espa\u00e7o moderno e acolhedor\u201d, afirmou.<\/p>\n<p>Mesmo com chuva no in\u00edcio da manh\u00e3, as atividades foram mantidas ap\u00f3s melhora nas condi\u00e7\u00f5es clim\u00e1ticas. O governador acompanhou, ao lado da primeira-dama e coordenadora do Goi\u00e1s Social, Gracinha Caiado, as primeiras sess\u00f5es de treinos livres das categorias Moto3, Moto2 e MotoGP. Segundo ele, a pista \u2014 considerada a mais r\u00e1pida do circuito \u2014 pode proporcionar marcas expressivas de velocidade. \u201cTemos uma reta de 1,1 km e expectativa de que os pilotos ultrapassem os 360 km\/h\u201d, pontuou.<\/p>\n<p><img loading=\"lazy\" loading=\"lazy\" decoding=\"async\" class=\"alignnone size-medium wp-image-3925\" src=\"https:\/\/balancotocantins.com.br\/wp-content\/uploads\/2026\/03\/62a78fda-7304-4711-9a6d-96717f113cc0.jpg\" alt=\"\" width=\"300\" height=\"196\" \/><\/p>\n<p>A programa\u00e7\u00e3o teve in\u00edcio com os treinos da Moto3, seguidos pela Moto2 e pela principal categoria, a MotoGP, que realizou duas sess\u00f5es ao longo do dia. A etapa j\u00e1 integra a defini\u00e7\u00e3o do grid de largada, com classifica\u00e7\u00e3o direta para o Q2, respons\u00e1vel por estabelecer as posi\u00e7\u00f5es tanto da corrida Sprint quanto do Grande Pr\u00eamio de domingo.<\/p>\n<p>Goi\u00e2nia recebe, nesta segunda etapa do calend\u00e1rio, 22 pilotos distribu\u00eddos em 11 equipes. A capital goiana foi pioneira ao sediar a competi\u00e7\u00e3o entre 1987 e 1989, consolidando agora seu retorno ao cen\u00e1rio internacional. O vice-governador Daniel Vilela destacou o impacto imediato do evento. \u201cO fluxo no aeroporto aumentou 300% e os hot\u00e9is est\u00e3o lotados, inclusive nas cidades vizinhas\u201d, afirmou.<\/p>\n<p>A expectativa do governo estadual \u00e9 de que mais de 150 mil pessoas passem pelo aut\u00f3dromo ao longo do fim de semana, gerando uma movimenta\u00e7\u00e3o econ\u00f4mica superior a R$ 870 milh\u00f5es, impulsionando setores como hotelaria, com\u00e9rcio, alimenta\u00e7\u00e3o e servi\u00e7os.<\/p>\n<p><img loading=\"lazy\" loading=\"lazy\" decoding=\"async\" class=\"alignnone size-medium wp-image-3926\" src=\"https:\/\/balancotocantins.com.br\/wp-content\/uploads\/2026\/03\/944396a7-3ddd-4d95-9860-665ac3437824-300x200.jpg\" alt=\"\" width=\"300\" height=\"200\" \/><\/p>\n<p><strong>Infraestrutura homologada e padr\u00e3o internacional<\/strong><\/p>\n<p>A estrutura do aut\u00f3dromo foi homologada pela Federa\u00e7\u00e3o Internacional de Motociclismo (FIM) na quinta-feira (19), atestando o cumprimento dos padr\u00f5es internacionais de seguran\u00e7a e opera\u00e7\u00e3o. O Governo de Goi\u00e1s investiu cerca de R$ 250 milh\u00f5es na moderniza\u00e7\u00e3o do complexo, que estava em funcionamento desde 1975.<\/p>\n<p>De acordo com o secret\u00e1rio estadual de Esporte e Lazer, Nilton Moreira, a reestrutura\u00e7\u00e3o reposiciona Goi\u00e1s no cen\u00e1rio esportivo global. \u201cO aut\u00f3dromo foi completamente reconstru\u00eddo e passa a ser refer\u00eancia do motociclismo no Brasil. Goi\u00e1s ganha protagonismo nacional e internacional\u201d, declarou.<\/p>\n<p><img loading=\"lazy\" loading=\"lazy\" decoding=\"async\" class=\"alignnone size-medium wp-image-3927\" src=\"https:\/\/balancotocantins.com.br\/wp-content\/uploads\/2026\/03\/80977ca7-ab30-4ca6-b0ae-cc4208ba07d2-300x200.jpg\" alt=\"\" width=\"300\" height=\"200\" \/><\/p>\n<p>Com a retomada da MotoGP, o estado busca consolidar sua inser\u00e7\u00e3o no calend\u00e1rio de grandes eventos, ampliando visibilidade, atraindo investimentos e fortalecendo o turismo esportivo.<\/p>\n","protected":false},"excerpt":{"rendered":"<p>O governador Ronaldo Caiado acompanhou, nesta sexta-feira (20), a abertura oficial da etapa do Campeonato Mundial de Motovelocidade no Aut\u00f3dromo Internacional Ayrton Senna, em Goi\u00e2nia, destacando o retorno de Goi\u00e1s ao circuito dos grandes eventos esportivos internacionais ap\u00f3s 37 anos. Durante a agenda, o chefe do Executivo estadual ressaltou os investimentos realizados para requalifica\u00e7\u00e3o da [&hellip;]<\/p>\n","protected":false},"author":1,"featured_media":16662,"comment_status":"open","ping_status":"closed","sticky":false,"template":"","format":"standard","meta":{"fifu_image_url":"","fifu_image_alt":"","footnotes":""},"categories":[594],"tags":[10430,1043,10427,10429,10428],"class_list":{"0":"post-16660","1":"post","2":"type-post","3":"status-publish","4":"format-standard","5":"has-post-thumbnail","7":"category-esportes","8":"tag-autodromo-internacional-ayrton-senna","9":"tag-capa","10":"tag-circuito-mundial-com-motogp","11":"tag-federacao-internacional-de-motociclismo","12":"tag-homologacao"},"_links":{"self":[{"href":"https:\/\/balancotocantins.com.br\/index.php?rest_route=\/wp\/v2\/posts\/16660","targetHints":{"allow":["GET"]}}],"collection":[{"href":"https:\/\/balancotocantins.com.br\/index.php?rest_route=\/wp\/v2\/posts"}],"about":[{"href":"https:\/\/balancotocantins.com.br\/index.php?rest_route=\/wp\/v2\/types\/post"}],"author":[{"embeddable":true,"href":"https:\/\/balancotocantins.com.br\/index.php?rest_route=\/wp\/v2\/users\/1"}],"replies":[{"embeddable":true,"href":"https:\/\/balancotocantins.com.br\/index.php?rest_route=%2Fwp%2Fv2%2Fcomments&post=16660"}],"version-history":[{"count":1,"href":"https:\/\/balancotocantins.com.br\/index.php?rest_route=\/wp\/v2\/posts\/16660\/revisions"}],"predecessor-version":[{"id":16661,"href":"https:\/\/balancotocantins.com.br\/index.php?rest_route=\/wp\/v2\/posts\/16660\/revisions\/16661"}],"wp:featuredmedia":[{"embeddable":true,"href":"https:\/\/balancotocantins.com.br\/index.php?rest_route=\/wp\/v2\/media\/16662"}],"wp:attachment":[{"href":"https:\/\/balancotocantins.com.br\/index.php?rest_route=%2Fwp%2Fv2%2Fmedia&parent=16660"}],"wp:term":[{"taxonomy":"category","embeddable":true,"href":"https:\/\/balancotocantins.com.br\/index.php?rest_route=%2Fwp%2Fv2%2Fcategories&post=16660"},{"taxonomy":"post_tag","embeddable":true,"href":"https:\/\/balancotocantins.com.br\/index.php?rest_route=%2Fwp%2Fv2%2Ftags&post=16660"}],"curies":[{"name":"wp","href":"https:\/\/api.w.org\/{rel}","templated":true}]}}