{"id":16670,"date":"2026-03-23T17:02:24","date_gmt":"2026-03-23T20:02:24","guid":{"rendered":"https:\/\/balancotocantins.com.br\/?p=16670"},"modified":"2026-03-23T17:02:39","modified_gmt":"2026-03-23T20:02:39","slug":"mutirao-de-cidadania-transforma-campo-belo-prefeitura-de-gurupi-leva-servicos-obras-e-anuncia-ampliacao-de-cemei","status":"publish","type":"post","link":"https:\/\/balancotocantins.com.br\/?p=16670","title":{"rendered":"Mutir\u00e3o de cidadania transforma Campo Belo: Prefeitura de Gurupi leva servi\u00e7os, obras e anuncia amplia\u00e7\u00e3o de CEMEI"},"content":{"rendered":"<p><strong>A Prefeitura de Gurupi realizou, neste domingo (22), a primeira edi\u00e7\u00e3o de 2026 do projeto \u201cPrefeitura nos Bairros\u201d, levando uma ampla oferta de servi\u00e7os p\u00fablicos ao setor Campo Belo. A iniciativa, que busca descentralizar atendimentos e aproximar a gest\u00e3o municipal da popula\u00e7\u00e3o, reuniu moradores ao longo da manh\u00e3 no CEMEI Oneide de Sousa Coelho.<\/strong><\/p>\n<p><strong>A a\u00e7\u00e3o integrou diversas secretarias, autarquias e parceiros, ofertando atendimentos nas \u00e1reas de sa\u00fade, assist\u00eancia social, habita\u00e7\u00e3o, meio ambiente e empreendedorismo. Entre os servi\u00e7os disponibilizados estavam consultas m\u00e9dicas, vacina\u00e7\u00e3o, orienta\u00e7\u00f5es odontol\u00f3gicas com entrega de kits de higiene bucal, aferi\u00e7\u00e3o de press\u00e3o arterial e glicemia, tipagem sangu\u00ednea, al\u00e9m de atualiza\u00e7\u00e3o do Cadastro \u00danico e do Bolsa Fam\u00edlia.<\/strong><\/p>\n<p><img loading=\"lazy\" loading=\"lazy\" decoding=\"async\" class=\"alignnone size-medium wp-image-3940\" src=\"https:\/\/balancotocantins.com.br\/wp-content\/uploads\/2026\/03\/prefeitura-nos-bairros-campo-belo-27.jpeg\" alt=\"\" width=\"300\" height=\"200\" \/><\/p>\n<p><strong>Tamb\u00e9m foram realizados cadastro habitacional, atendimentos da Casa do Empreendedor, servi\u00e7os da BRK, AGRF e Secretaria de Finan\u00e7as, al\u00e9m de bazar solid\u00e1rio e distribui\u00e7\u00e3o de mudas. A popula\u00e7\u00e3o contou ainda com servi\u00e7os de beleza, como corte de cabelo, design de sobrancelhas e esmalta\u00e7\u00e3o.<\/strong><\/p>\n<p><strong>Atendimento ampliado e foco no bem-estar<\/strong><\/p>\n<p><strong>A programa\u00e7\u00e3o incluiu atendimentos voltados ao bem-estar animal, com a presen\u00e7a do castram\u00f3vel, realiza\u00e7\u00e3o de testes de calazar e encoleiramento canino. Atividades esportivas, a\u00e7\u00f5es pedag\u00f3gicas, apresenta\u00e7\u00f5es culturais e espa\u00e7os de lazer para crian\u00e7as, com brinquedos e distribui\u00e7\u00e3o de pipoca e algod\u00e3o-doce, tamb\u00e9m fizeram parte do evento.<\/strong><\/p>\n<p><strong>A prefeita Josi Nunes participou da a\u00e7\u00e3o e realizou atendimentos diretos \u00e0 popula\u00e7\u00e3o. Segundo ela, o programa refor\u00e7a o compromisso da gest\u00e3o com a presen\u00e7a ativa nos bairros. \u201cEstamos h\u00e1 quatro anos levando servi\u00e7os diretamente \u00e0 comunidade, ouvindo as demandas e buscando <\/strong><strong>\u0938\u092e\u093e\u0927\u093e\u0928 para cada setor\u201d, afirmou.<\/strong><\/p>\n<p><strong>O vice-prefeito Adailton Fonseca destacou a import\u00e2ncia do contato direto com os moradores. \u201cAl\u00e9m das obras estruturais, esse projeto demonstra a preocupa\u00e7\u00e3o em estar pr\u00f3ximo da popula\u00e7\u00e3o\u201d, disse.<\/strong><\/p>\n<p><strong>Comunidade aprova iniciativa<\/strong><\/p>\n<p><strong>Moradores relataram os benef\u00edcios da a\u00e7\u00e3o. A dona de casa Marilene Lopes aproveitou os servi\u00e7os para os filhos e destacou a praticidade. J\u00e1 Joelmir Dias e Venaildes utilizaram atendimentos de sa\u00fade e ressaltaram a facilidade de acesso. A moradora Keiliane Rodrigues levou seus c\u00e3es para atendimento no castram\u00f3vel, enquanto Francirleyd atualizou seu cadastro social, enfatizando a import\u00e2ncia da realiza\u00e7\u00e3o aos fins de semana.<\/strong><\/p>\n<p><strong>Representando a comunidade, Neir Ferreira, do projeto Nina, avaliou a iniciativa como essencial para atender demandas locais. A diretora da unidade, Clejane de Assis, tamb\u00e9m destacou a relev\u00e2ncia da a\u00e7\u00e3o para o bairro.<\/strong><\/p>\n<p><strong>Amplia\u00e7\u00e3o de unidade educacional<\/strong><\/p>\n<p><strong>Durante o evento, a gest\u00e3o municipal assinou a ordem de servi\u00e7o para a amplia\u00e7\u00e3o do CEMEI Oneide de Sousa Coelho. A obra prev\u00ea a constru\u00e7\u00e3o de dois blocos interligados, al\u00e9m de melhorias estruturais como playground, jardins, p\u00e1tio de servi\u00e7o e estacionamento.<\/strong><\/p>\n<p><strong>Com a amplia\u00e7\u00e3o, a capacidade da unidade passar\u00e1 para at\u00e9 376 crian\u00e7as em dois turnos ou 188 em tempo integral. O secret\u00e1rio municipal de Educa\u00e7\u00e3o, Samuel Rodrigues, ressaltou o impacto positivo da medida para reduzir a fila de espera e ampliar o acesso \u00e0 educa\u00e7\u00e3o infantil.<\/strong><\/p>\n<p><strong>Mutir\u00e3o refor\u00e7a infraestrutura no bairro<\/strong><\/p>\n<p><strong>Paralelamente \u00e0s atividades sociais, a Secretaria Municipal de Infraestrutura realizou um mutir\u00e3o de servi\u00e7os no Campo Belo. As a\u00e7\u00f5es inclu\u00edram manuten\u00e7\u00e3o da ilumina\u00e7\u00e3o p\u00fablica, opera\u00e7\u00e3o tapa-buraco, ro\u00e7agem, capina, gradagem de lotes, remo\u00e7\u00e3o de entulhos e coleta de lixo.<\/strong><\/p>\n<p><strong>De acordo com a secret\u00e1ria Juliana Passarin, mais de 100 servidores foram mobilizados, com apoio de maquin\u00e1rio pesado, para garantir melhorias no ambiente urbano e na qualidade de vida dos moradores.<\/strong><\/p>\n<p><strong>A programa\u00e7\u00e3o contou ainda com a presen\u00e7a de vereadores e lideran\u00e7as locais, consolidando o projeto como uma das principais estrat\u00e9gias da gest\u00e3o para ampliar o acesso aos servi\u00e7os p\u00fablicos e fortalecer a rela\u00e7\u00e3o com a comunidade.<\/strong><\/p>\n","protected":false},"excerpt":{"rendered":"<p>A Prefeitura de Gurupi realizou, neste domingo (22), a primeira edi\u00e7\u00e3o de 2026 do projeto \u201cPrefeitura nos Bairros\u201d, levando uma ampla oferta de servi\u00e7os p\u00fablicos ao setor Campo Belo. A iniciativa, que busca descentralizar atendimentos e aproximar a gest\u00e3o municipal da popula\u00e7\u00e3o, reuniu moradores ao longo da manh\u00e3 no CEMEI Oneide de Sousa Coelho. A [&hellip;]<\/p>\n","protected":false},"author":1,"featured_media":16672,"comment_status":"open","ping_status":"closed","sticky":false,"template":"","format":"standard","meta":{"fifu_image_url":"","fifu_image_alt":"","footnotes":""},"categories":[345],"tags":[10436,8935,10438,10437,8649,10435,2712,8983],"class_list":{"0":"post-16670","1":"post","2":"type-post","3":"status-publish","4":"format-standard","5":"has-post-thumbnail","7":"category-politica","8":"tag-campo-belo","9":"tag-capa1","10":"tag-cemei","11":"tag-ervicos","12":"tag-josi-nunes","13":"tag-mutirao-de-cidadania","14":"tag-obras","15":"tag-prefeitura-de-gurupi"},"_links":{"self":[{"href":"https:\/\/balancotocantins.com.br\/index.php?rest_route=\/wp\/v2\/posts\/16670","targetHints":{"allow":["GET"]}}],"collection":[{"href":"https:\/\/balancotocantins.com.br\/index.php?rest_route=\/wp\/v2\/posts"}],"about":[{"href":"https:\/\/balancotocantins.com.br\/index.php?rest_route=\/wp\/v2\/types\/post"}],"author":[{"embeddable":true,"href":"https:\/\/balancotocantins.com.br\/index.php?rest_route=\/wp\/v2\/users\/1"}],"replies":[{"embeddable":true,"href":"https:\/\/balancotocantins.com.br\/index.php?rest_route=%2Fwp%2Fv2%2Fcomments&post=16670"}],"version-history":[{"count":1,"href":"https:\/\/balancotocantins.com.br\/index.php?rest_route=\/wp\/v2\/posts\/16670\/revisions"}],"predecessor-version":[{"id":16671,"href":"https:\/\/balancotocantins.com.br\/index.php?rest_route=\/wp\/v2\/posts\/16670\/revisions\/16671"}],"wp:featuredmedia":[{"embeddable":true,"href":"https:\/\/balancotocantins.com.br\/index.php?rest_route=\/wp\/v2\/media\/16672"}],"wp:attachment":[{"href":"https:\/\/balancotocantins.com.br\/index.php?rest_route=%2Fwp%2Fv2%2Fmedia&parent=16670"}],"wp:term":[{"taxonomy":"category","embeddable":true,"href":"https:\/\/balancotocantins.com.br\/index.php?rest_route=%2Fwp%2Fv2%2Fcategories&post=16670"},{"taxonomy":"post_tag","embeddable":true,"href":"https:\/\/balancotocantins.com.br\/index.php?rest_route=%2Fwp%2Fv2%2Ftags&post=16670"}],"curies":[{"name":"wp","href":"https:\/\/api.w.org\/{rel}","templated":true}]}}