{"id":16751,"date":"2026-07-01T18:56:58","date_gmt":"2026-07-01T21:56:58","guid":{"rendered":"https:\/\/balancotocantins.com.br\/?p=16751"},"modified":"2026-07-01T18:57:04","modified_gmt":"2026-07-01T21:57:04","slug":"gurupi-conquista-aprovacao-de-projeto-inovador-do-ministerio-da-saude-para-monitorar-efeitos-das-mudancas-climaticas-na-saude-publica","status":"publish","type":"post","link":"https:\/\/balancotocantins.com.br\/?p=16751","title":{"rendered":"Gurupi conquista aprova\u00e7\u00e3o de projeto inovador do Minist\u00e9rio da Sa\u00fade para monitorar efeitos das mudan\u00e7as clim\u00e1ticas na sa\u00fade p\u00fablica"},"content":{"rendered":"<p><span style=\"font-weight: 400;\">Munic\u00edpio est\u00e1 entre os 197 selecionados em todo o pa\u00eds e abre processo seletivo para acad\u00eamicos, professores e profissionais da rede municipal de sa\u00fade<\/span><\/p>\n<p><span style=\"font-weight: 400;\">Gurupi foi contemplado pelo Minist\u00e9rio da Sa\u00fade com a aprova\u00e7\u00e3o do projeto &#8220;CLIMA-Sa\u00fade Gurupi: Centro Integrado de Monitoramento, Intelig\u00eancia e Alerta em Sa\u00fade Clim\u00e1tica&#8221;, iniciativa que une tecnologia, pesquisa cient\u00edfica e gest\u00e3o p\u00fablica para fortalecer o enfrentamento dos impactos das mudan\u00e7as clim\u00e1ticas na sa\u00fade da popula\u00e7\u00e3o.<\/span><\/p>\n<p><span style=\"font-weight: 400;\">Desenvolvido em parceria entre a Secretaria Municipal de Sa\u00fade (Semus) e a Universidade de Gurupi (UnirG), por meio do Programa PET-Sa\u00fade Clima, o projeto est\u00e1 entre os 197 aprovados em todo o Brasil, selecionados entre propostas apresentadas por institui\u00e7\u00f5es de ensino superior e gestores do Sistema \u00danico de Sa\u00fade (SUS).<\/span><\/p>\n<p><span style=\"font-weight: 400;\">A aprova\u00e7\u00e3o coloca Gurupi em um grupo de munic\u00edpios que passar\u00e3o a desenvolver estrat\u00e9gias inovadoras para monitorar fatores clim\u00e1ticos que afetam diretamente a sa\u00fade p\u00fablica, utilizando recursos de intelig\u00eancia artificial para antecipar riscos, emitir alertas e subsidiar a tomada de decis\u00f5es pelos gestores.<\/span><\/p>\n<h3><span style=\"font-weight: 400;\">Centro integrado utilizar\u00e1 intelig\u00eancia artificial para antecipar riscos<\/span><\/h3>\n<p><span style=\"font-weight: 400;\">A proposta prev\u00ea a implanta\u00e7\u00e3o de um Centro Integrado de Monitoramento, Intelig\u00eancia e Alerta em Sa\u00fade Clim\u00e1tica, que acompanhar\u00e1 indicadores relacionados \u00e0s mudan\u00e7as ambientais, como eleva\u00e7\u00e3o das temperaturas, altera\u00e7\u00f5es no regime de chuvas e outros eventos extremos capazes de influenciar o aumento de doen\u00e7as e agravos \u00e0 sa\u00fade.<\/span><\/p>\n<p><span style=\"font-weight: 400;\">Com base na an\u00e1lise desses dados, o sistema dever\u00e1 gerar informa\u00e7\u00f5es estrat\u00e9gicas para que as equipes de sa\u00fade possam planejar a\u00e7\u00f5es preventivas e responder de forma mais r\u00e1pida \u00e0s situa\u00e7\u00f5es de risco.<\/span><\/p>\n<p><span style=\"font-weight: 400;\">A coordenadora do projeto, Christiane de Paula, coordenadora da Farm\u00e1cia Central de Gurupi e professora da UnirG, explica que a proposta foi constru\u00edda a partir da integra\u00e7\u00e3o entre a universidade e a Secretaria Municipal de Sa\u00fade, considerando as necessidades espec\u00edficas do munic\u00edpio.<\/span><\/p>\n<p><span style=\"font-weight: 400;\">&#8220;As mudan\u00e7as clim\u00e1ticas impactam diretamente a sa\u00fade da popula\u00e7\u00e3o. Nossa proposta \u00e9 criar um centro integrado capaz de monitorar essas altera\u00e7\u00f5es, utilizando ferramentas de intelig\u00eancia artificial para gerar alertas e apoiar o planejamento das a\u00e7\u00f5es de sa\u00fade. Com isso, as equipes poder\u00e3o atuar de forma mais preventiva e preparada diante dos efeitos causados por eventos clim\u00e1ticos&#8221;, destacou.<\/span><\/p>\n<h3><span style=\"font-weight: 400;\">Parceria une universidade e rede municipal de sa\u00fade<\/span><\/h3>\n<p><span style=\"font-weight: 400;\">Al\u00e9m de pesquisadores da Universidade de Gurupi e profissionais da Secretaria Municipal de Sa\u00fade, o projeto contar\u00e1 com a participa\u00e7\u00e3o de estudantes de gradua\u00e7\u00e3o que atuar\u00e3o diretamente nas atividades desenvolvidas pelo programa.<\/span><\/p>\n<p><span style=\"font-weight: 400;\">A equipe ser\u00e1 composta por docentes tutores, preceptores, orientadores de servi\u00e7o e acad\u00eamicos bolsistas, fortalecendo a integra\u00e7\u00e3o entre ensino, pesquisa e assist\u00eancia \u00e0 sa\u00fade, um dos principais objetivos do Programa PET-Sa\u00fade Clima.<\/span><\/p>\n<h3><span style=\"font-weight: 400;\">UnirG abre processo seletivo para bolsistas e profissionais<\/span><\/h3>\n<p><span style=\"font-weight: 400;\">Para formar a equipe respons\u00e1vel pela execu\u00e7\u00e3o do projeto, a Universidade de Gurupi publicou edital de processo seletivo. As inscri\u00e7\u00f5es seguem abertas at\u00e9 o dia 5 de julho de 2026.<\/span><\/p>\n<p><span style=\"font-weight: 400;\">As vagas s\u00e3o destinadas \u00e0s seguintes categorias:<\/span><\/p>\n<ul>\n<li style=\"font-weight: 400;\" aria-level=\"1\"><span style=\"font-weight: 400;\">Acad\u00eamicos bolsistas dos cursos de Medicina, Enfermagem, Farm\u00e1cia, Fisioterapia, Psicologia, Educa\u00e7\u00e3o F\u00edsica, Direito e Intelig\u00eancia Artificial;<\/span><\/li>\n<li style=\"font-weight: 400;\" aria-level=\"1\"><span style=\"font-weight: 400;\">Docentes tutores da Universidade de Gurupi (UnirG), vinculados aos cursos participantes;<\/span><\/li>\n<li style=\"font-weight: 400;\" aria-level=\"1\"><span style=\"font-weight: 400;\">Preceptores, voltados a profissionais da Secretaria Municipal de Sa\u00fade que atuam na Aten\u00e7\u00e3o Prim\u00e1ria \u00e0 Sa\u00fade, nas \u00e1reas de Medicina, Enfermagem e Farm\u00e1cia;<\/span><\/li>\n<li style=\"font-weight: 400;\" aria-level=\"1\"><span style=\"font-weight: 400;\">Orientadores de Servi\u00e7o, destinados a profissionais da Secretaria Municipal de Sa\u00fade que trabalham na gest\u00e3o do SUS e no desenvolvimento das a\u00e7\u00f5es do projeto.<\/span><\/li>\n<\/ul>\n<p><span style=\"font-weight: 400;\">Os selecionados receber\u00e3o bolsas financiadas pelo Programa PET-Sa\u00fade Clima, do Minist\u00e9rio da Sa\u00fade, conforme os crit\u00e9rios estabelecidos pelo edital e pelo Conselho Nacional de Desenvolvimento Cient\u00edfico e Tecnol\u00f3gico (CNPq).<\/span><\/p>\n<p><span style=\"font-weight: 400;\">O edital completo est\u00e1 dispon\u00edvel no portal da Universidade de Gurupi, e d\u00favidas podem ser encaminhadas ao e-mail propesq@unirg.edu.br ou pelo WhatsApp (63) 3612-7602.<\/span><\/p>\n<h3><span style=\"font-weight: 400;\">Tecnologia a servi\u00e7o da sa\u00fade p\u00fablica<\/span><\/h3>\n<p><span style=\"font-weight: 400;\">A implanta\u00e7\u00e3o do CLIMA-Sa\u00fade Gurupi representa um avan\u00e7o na prepara\u00e7\u00e3o do munic\u00edpio para enfrentar os desafios impostos pelas mudan\u00e7as clim\u00e1ticas. Ao integrar intelig\u00eancia artificial, produ\u00e7\u00e3o cient\u00edfica e gest\u00e3o do SUS, o projeto pretende ampliar a capacidade da rede municipal de sa\u00fade de identificar situa\u00e7\u00f5es de risco, planejar a\u00e7\u00f5es preventivas e proteger a popula\u00e7\u00e3o diante de eventos clim\u00e1ticos que possam comprometer a sa\u00fade coletiva.<\/span><\/p>\n<p><span style=\"font-weight: 400;\">A iniciativa tamb\u00e9m fortalece a atua\u00e7\u00e3o conjunta entre poder p\u00fablico e universidade, promovendo inova\u00e7\u00e3o, forma\u00e7\u00e3o profissional e desenvolvimento de solu\u00e7\u00f5es voltadas \u00e0s necessidades locais, com potencial para servir de refer\u00eancia em pol\u00edticas p\u00fablicas de sa\u00fade clim\u00e1tica.<\/span><\/p>\n","protected":false},"excerpt":{"rendered":"<p>Munic\u00edpio est\u00e1 entre os 197 selecionados em todo o pa\u00eds e abre processo seletivo para acad\u00eamicos, professores e profissionais da rede municipal de sa\u00fade Gurupi foi contemplado pelo Minist\u00e9rio da Sa\u00fade com a aprova\u00e7\u00e3o do projeto &#8220;CLIMA-Sa\u00fade Gurupi: Centro Integrado de Monitoramento, Intelig\u00eancia e Alerta em Sa\u00fade Clim\u00e1tica&#8221;, iniciativa que une tecnologia, pesquisa cient\u00edfica e [&hellip;]<\/p>\n","protected":false},"author":1,"featured_media":16753,"comment_status":"open","ping_status":"closed","sticky":false,"template":"","format":"standard","meta":{"fifu_image_url":"","fifu_image_alt":"","footnotes":""},"categories":[346],"tags":[1043,10477,1021,2822,2040,5185],"class_list":["post-16751","post","type-post","status-publish","format-standard","has-post-thumbnail","category-saude","tag-capa","tag-clima-saude-gurupi","tag-gurupi","tag-ministerio-da-saude","tag-mudancas-climaticas","tag-saude-publica"],"_links":{"self":[{"href":"https:\/\/balancotocantins.com.br\/index.php?rest_route=\/wp\/v2\/posts\/16751","targetHints":{"allow":["GET"]}}],"collection":[{"href":"https:\/\/balancotocantins.com.br\/index.php?rest_route=\/wp\/v2\/posts"}],"about":[{"href":"https:\/\/balancotocantins.com.br\/index.php?rest_route=\/wp\/v2\/types\/post"}],"author":[{"embeddable":true,"href":"https:\/\/balancotocantins.com.br\/index.php?rest_route=\/wp\/v2\/users\/1"}],"replies":[{"embeddable":true,"href":"https:\/\/balancotocantins.com.br\/index.php?rest_route=%2Fwp%2Fv2%2Fcomments&post=16751"}],"version-history":[{"count":1,"href":"https:\/\/balancotocantins.com.br\/index.php?rest_route=\/wp\/v2\/posts\/16751\/revisions"}],"predecessor-version":[{"id":16752,"href":"https:\/\/balancotocantins.com.br\/index.php?rest_route=\/wp\/v2\/posts\/16751\/revisions\/16752"}],"wp:featuredmedia":[{"embeddable":true,"href":"https:\/\/balancotocantins.com.br\/index.php?rest_route=\/wp\/v2\/media\/16753"}],"wp:attachment":[{"href":"https:\/\/balancotocantins.com.br\/index.php?rest_route=%2Fwp%2Fv2%2Fmedia&parent=16751"}],"wp:term":[{"taxonomy":"category","embeddable":true,"href":"https:\/\/balancotocantins.com.br\/index.php?rest_route=%2Fwp%2Fv2%2Fcategories&post=16751"},{"taxonomy":"post_tag","embeddable":true,"href":"https:\/\/balancotocantins.com.br\/index.php?rest_route=%2Fwp%2Fv2%2Ftags&post=16751"}],"curies":[{"name":"wp","href":"https:\/\/api.w.org\/{rel}","templated":true}]}}