{"id":16770,"date":"2026-07-13T20:37:49","date_gmt":"2026-07-13T23:37:49","guid":{"rendered":"https:\/\/balancotocantins.com.br\/?p=16770"},"modified":"2026-07-13T20:37:53","modified_gmt":"2026-07-13T23:37:53","slug":"articulacao-da-prefeitura-garante-novos-investimentos-e-ampliacoes-na-br-153-em-gurupi","status":"publish","type":"post","link":"https:\/\/balancotocantins.com.br\/?p=16770","title":{"rendered":"Articula\u00e7\u00e3o da Prefeitura garante novos investimentos e amplia\u00e7\u00f5es na BR-153 em Gurupi"},"content":{"rendered":"<p><span style=\"font-weight: 400;\">A articula\u00e7\u00e3o da Prefeitura de Gurupi junto aos \u00f3rg\u00e3os federais e \u00e0 concession\u00e1ria Ecovias do Araguaia resultou na confirma\u00e7\u00e3o de novos investimentos para o trecho urbano da BR-153 que corta o munic\u00edpio. As melhorias foram definidas durante audi\u00eancia p\u00fablica da 1\u00aa Revis\u00e3o Quinquenal do contrato de concess\u00e3o da rodovia, realizada com a participa\u00e7\u00e3o da Ag\u00eancia Nacional de Transportes Terrestres (ANTT), representantes da concession\u00e1ria, autoridades e lideran\u00e7as regionais.<\/span><\/p>\n<p><span style=\"font-weight: 400;\">Entre as principais medidas anunciadas est\u00e3o a amplia\u00e7\u00e3o das vias marginais, a constru\u00e7\u00e3o de um novo retorno na regi\u00e3o norte da cidade e a implanta\u00e7\u00e3o de uma passarela para pedestres nas proximidades da Rodovi\u00e1ria de Gurupi. As interven\u00e7\u00f5es buscam melhorar a mobilidade urbana, aumentar a seguran\u00e7a vi\u00e1ria e acompanhar o crescimento econ\u00f4mico e populacional do munic\u00edpio.<\/span><\/p>\n<h2><span style=\"font-weight: 400;\">Gest\u00e3o municipal apresentou demandas da popula\u00e7\u00e3o e do setor produtivo<\/span><\/h2>\n<p><span style=\"font-weight: 400;\">Representando a administra\u00e7\u00e3o municipal, o vice-prefeito Adailton Fonseca destacou a import\u00e2ncia das obras para o desenvolvimento da cidade e ressaltou os avan\u00e7os conquistados a partir das interven\u00e7\u00f5es realizadas ao longo da extens\u00e3o urbana da BR-153.<\/span><\/p>\n<p><span style=\"font-weight: 400;\">Durante a audi\u00eancia, o chefe de gabinete da Prefeitura, Jos\u00e9 Carlos Bessa, apresentou um conjunto de reivindica\u00e7\u00f5es constru\u00eddas a partir das necessidades apontadas pela comunidade e pelo setor empresarial.<\/span><\/p>\n<p><span style=\"font-weight: 400;\">Segundo ele, os investimentos s\u00e3o fundamentais para adequar a infraestrutura rodovi\u00e1ria ao crescimento urbano de Gurupi, garantindo melhores condi\u00e7\u00f5es de tr\u00e1fego, maior seguran\u00e7a para motoristas e pedestres e suporte ao desenvolvimento econ\u00f4mico do munic\u00edpio.<\/span><\/p>\n<h2><span style=\"font-weight: 400;\">Amplia\u00e7\u00e3o das marginais atende reivindica\u00e7\u00e3o hist\u00f3rica<\/span><\/h2>\n<p><span style=\"font-weight: 400;\">Um dos principais encaminhamentos definidos durante a audi\u00eancia foi a amplia\u00e7\u00e3o das vias marginais da BR-153 no per\u00edmetro urbano de Gurupi.<\/span><\/p>\n<p><span style=\"font-weight: 400;\">Pelo acordo firmado, a marginal sul ser\u00e1 estendida at\u00e9 a regi\u00e3o da Central de Abastecimento (Ceasa), enquanto a marginal norte avan\u00e7ar\u00e1 at\u00e9 as proximidades do Posto D\u00e9cio.<\/span><\/p>\n<p><span style=\"font-weight: 400;\">A amplia\u00e7\u00e3o era considerada uma demanda hist\u00f3rica da popula\u00e7\u00e3o, especialmente dos moradores e empres\u00e1rios instalados \u00e0s margens da rodovia, que reivindicavam melhorias na mobilidade e maior facilidade de acesso aos empreendimentos localizados na regi\u00e3o.<\/span><\/p>\n<h2><span style=\"font-weight: 400;\">Novo retorno e passarela refor\u00e7am seguran\u00e7a<\/span><\/h2>\n<p><span style=\"font-weight: 400;\">Outro investimento confirmado \u00e9 a constru\u00e7\u00e3o de um novo retorno nas proximidades do Posto D\u00e9cio. A expectativa \u00e9 de que a obra seja executada nos pr\u00f3ximos meses, proporcionando maior fluidez ao tr\u00e2nsito e reduzindo os deslocamentos de motoristas que utilizam o trecho norte da BR-153.<\/span><\/p>\n<p><span style=\"font-weight: 400;\">Tamb\u00e9m foi autorizada a implanta\u00e7\u00e3o de uma passarela para pedestres na altura da Rodovi\u00e1ria de Gurupi, considerada uma antiga reivindica\u00e7\u00e3o da comunidade. A estrutura dever\u00e1 oferecer mais seguran\u00e7a para as pessoas que atravessam diariamente a rodovia em um dos pontos de maior circula\u00e7\u00e3o da cidade.<\/span><\/p>\n<h2><span style=\"font-weight: 400;\">Obras j\u00e1 entregues melhoram acessos \u00e0 rodovia<\/span><\/h2>\n<p><span style=\"font-weight: 400;\">Durante a audi\u00eancia, tamb\u00e9m foi informado que algumas interven\u00e7\u00f5es solicitadas anteriormente pela administra\u00e7\u00e3o municipal j\u00e1 foram conclu\u00eddas pela concession\u00e1ria nesta semana.<\/span><\/p>\n<p><span style=\"font-weight: 400;\">Entre elas est\u00e3o a implanta\u00e7\u00e3o de duas novas agulhas de sa\u00edda da BR-153 \u2014 uma na altura do Jardim das Bandeiras e outra em frente ao Posto San Marino \u2014, al\u00e9m de melhorias nos acessos do Viaduto Norte.<\/span><\/p>\n<p><span style=\"font-weight: 400;\">Segundo a Prefeitura, as obras j\u00e1 entregues contribuem para aumentar a fluidez do tr\u00e2nsito e reduzir conflitos entre ve\u00edculos que acessam a rodovia.<\/span><\/p>\n<h2><span style=\"font-weight: 400;\">Empres\u00e1rios comemoram avan\u00e7os<\/span><\/h2>\n<p><span style=\"font-weight: 400;\">Representando o setor empresarial, Paulo Abreu avaliou de forma positiva os encaminhamentos definidos durante a audi\u00eancia p\u00fablica.<\/span><\/p>\n<p><span style=\"font-weight: 400;\">Segundo ele, a constru\u00e7\u00e3o do novo retorno entre o Posto D\u00e9cio e a unidade da Pol\u00edcia Rodovi\u00e1ria Federal (PRF), aliada \u00e0 amplia\u00e7\u00e3o da via marginal, atende \u00e0s necessidades tanto da popula\u00e7\u00e3o quanto das empresas instaladas na sa\u00edda norte da cidade.<\/span><\/p>\n<p><span style=\"font-weight: 400;\">O empres\u00e1rio tamb\u00e9m destacou o empenho da prefeita Josi Nunes nas negocia\u00e7\u00f5es conduzidas junto \u00e0 Ecovias do Araguaia e \u00e0 ANTT para viabilizar as melhorias.<\/span><\/p>\n<h2><span style=\"font-weight: 400;\">Di\u00e1logo institucional fortalece investimentos<\/span><\/h2>\n<p><span style=\"font-weight: 400;\">A audi\u00eancia contou ainda com a intermedia\u00e7\u00e3o da senadora Professora Dorinha Seabra, que ressaltou a import\u00e2ncia do di\u00e1logo entre os munic\u00edpios, a concession\u00e1ria e os \u00f3rg\u00e3os reguladores para assegurar investimentos compat\u00edveis com as demandas da regi\u00e3o.<\/span><\/p>\n<p><span style=\"font-weight: 400;\">Para a Prefeitura de Gurupi, os encaminhamentos representam um avan\u00e7o significativo para a infraestrutura urbana do munic\u00edpio. A administra\u00e7\u00e3o municipal avalia que as interven\u00e7\u00f5es contribuir\u00e3o para melhorar a mobilidade, ampliar a seguran\u00e7a de motoristas e pedestres e fortalecer o desenvolvimento econ\u00f4mico de Gurupi e de toda a regi\u00e3o sul do Tocantins.<\/span><\/p>\n<p>&nbsp;<\/p>\n","protected":false},"excerpt":{"rendered":"<p>A articula\u00e7\u00e3o da Prefeitura de Gurupi junto aos \u00f3rg\u00e3os federais e \u00e0 concession\u00e1ria Ecovias do Araguaia resultou na confirma\u00e7\u00e3o de novos investimentos para o trecho urbano da BR-153 que corta o munic\u00edpio. As melhorias foram definidas durante audi\u00eancia p\u00fablica da 1\u00aa Revis\u00e3o Quinquenal do contrato de concess\u00e3o da rodovia, realizada com a participa\u00e7\u00e3o da Ag\u00eancia [&hellip;]<\/p>\n","protected":false},"author":1,"featured_media":16772,"comment_status":"open","ping_status":"closed","sticky":false,"template":"","format":"standard","meta":{"fifu_image_url":"","fifu_image_alt":"","footnotes":""},"categories":[4200],"tags":[10486,1043,1021,10485,86],"class_list":["post-16770","post","type-post","status-publish","format-standard","has-post-thumbnail","category-noticias","tag-ampliacoes-na-br-153","tag-capa","tag-gurupi","tag-novos-investimentos","tag-prefeitura"],"_links":{"self":[{"href":"https:\/\/balancotocantins.com.br\/index.php?rest_route=\/wp\/v2\/posts\/16770","targetHints":{"allow":["GET"]}}],"collection":[{"href":"https:\/\/balancotocantins.com.br\/index.php?rest_route=\/wp\/v2\/posts"}],"about":[{"href":"https:\/\/balancotocantins.com.br\/index.php?rest_route=\/wp\/v2\/types\/post"}],"author":[{"embeddable":true,"href":"https:\/\/balancotocantins.com.br\/index.php?rest_route=\/wp\/v2\/users\/1"}],"replies":[{"embeddable":true,"href":"https:\/\/balancotocantins.com.br\/index.php?rest_route=%2Fwp%2Fv2%2Fcomments&post=16770"}],"version-history":[{"count":1,"href":"https:\/\/balancotocantins.com.br\/index.php?rest_route=\/wp\/v2\/posts\/16770\/revisions"}],"predecessor-version":[{"id":16771,"href":"https:\/\/balancotocantins.com.br\/index.php?rest_route=\/wp\/v2\/posts\/16770\/revisions\/16771"}],"wp:featuredmedia":[{"embeddable":true,"href":"https:\/\/balancotocantins.com.br\/index.php?rest_route=\/wp\/v2\/media\/16772"}],"wp:attachment":[{"href":"https:\/\/balancotocantins.com.br\/index.php?rest_route=%2Fwp%2Fv2%2Fmedia&parent=16770"}],"wp:term":[{"taxonomy":"category","embeddable":true,"href":"https:\/\/balancotocantins.com.br\/index.php?rest_route=%2Fwp%2Fv2%2Fcategories&post=16770"},{"taxonomy":"post_tag","embeddable":true,"href":"https:\/\/balancotocantins.com.br\/index.php?rest_route=%2Fwp%2Fv2%2Ftags&post=16770"}],"curies":[{"name":"wp","href":"https:\/\/api.w.org\/{rel}","templated":true}]}}