{"id":16781,"date":"2026-08-20T21:35:21","date_gmt":"2026-08-21T00:35:21","guid":{"rendered":"https:\/\/balancotocantins.com.br\/?p=16781"},"modified":"2026-08-20T21:38:56","modified_gmt":"2026-08-21T00:38:56","slug":"gurupi-amplia-acoes-do-agosto-dourado-e-leva-orientacao-sobre-amamentacao-as-unidades-de-saude","status":"publish","type":"post","link":"https:\/\/balancotocantins.com.br\/?p=16781","title":{"rendered":"Gurupi amplia a\u00e7\u00f5es do Agosto Dourado e leva orienta\u00e7\u00e3o sobre amamenta\u00e7\u00e3o \u00e0s unidades de sa\u00fade"},"content":{"rendered":"<p><i><span style=\"font-weight: 400;\">Programa\u00e7\u00e3o re\u00fane gestantes e lactantes com palestras, demonstra\u00e7\u00f5es pr\u00e1ticas e orienta\u00e7\u00f5es sobre os benef\u00edcios do aleitamento materno<\/span><\/i><\/p>\n<p>&nbsp;<\/p>\n<p><span style=\"font-weight: 400;\">A Prefeitura de Gurupi, por meio da Secretaria Municipal de Sa\u00fade, intensificou a programa\u00e7\u00e3o do <\/span><b>Agosto Dourado<\/b><span style=\"font-weight: 400;\">, campanha dedicada \u00e0 promo\u00e7\u00e3o, prote\u00e7\u00e3o e incentivo ao aleitamento materno. Nesta quarta-feira (19), a <\/span><b>Unidade de Sa\u00fade da Fam\u00edlia (USF) Rosendo<\/b><span style=\"font-weight: 400;\"> recebeu gestantes e lactantes para uma programa\u00e7\u00e3o com palestras, orienta\u00e7\u00f5es pr\u00e1ticas e momentos de acolhimento voltados \u00e0 sa\u00fade das m\u00e3es e dos beb\u00eas.<\/span><\/p>\n<p><span style=\"font-weight: 400;\">A iniciativa busca aproximar as informa\u00e7\u00f5es das fam\u00edlias e refor\u00e7ar o papel das unidades b\u00e1sicas de sa\u00fade no acompanhamento durante a gesta\u00e7\u00e3o e o per\u00edodo de amamenta\u00e7\u00e3o. Durante a atividade, o gerente da USF Rosendo, <\/span><b>Rhanderson Lacerda Cordeiro<\/b><span style=\"font-weight: 400;\">, destacou a import\u00e2ncia do atendimento como espa\u00e7o de orienta\u00e7\u00e3o e apoio \u00e0s fam\u00edlias.<\/span><\/p>\n<p><span style=\"font-weight: 400;\">Segundo ele, as a\u00e7\u00f5es desenvolvidas durante o Agosto Dourado abordam desde a preven\u00e7\u00e3o at\u00e9 os cuidados necess\u00e1rios para enfrentar as dificuldades que podem surgir durante a amamenta\u00e7\u00e3o. A proposta tamb\u00e9m \u00e9 aproximar as m\u00e3es de profissionais capacitados para esclarecer d\u00favidas e oferecer orienta\u00e7\u00f5es pr\u00e1ticas.<\/span><\/p>\n<h2><b>Informa\u00e7\u00e3o e acolhimento<\/b><\/h2>\n<p><span style=\"font-weight: 400;\">A palestra realizada na unidade foi conduzida pela psic\u00f3loga e coordenadora da Rede Aline do <\/span><b>Hospital Regional de Gurupi (HRG)<\/b><span style=\"font-weight: 400;\">, <\/span><b>Thays Mota Costa<\/b><span style=\"font-weight: 400;\">. Durante o encontro, ela abordou os benef\u00edcios do aleitamento materno tanto para o beb\u00ea quanto para a mulher.<\/span><\/p>\n<p><span style=\"font-weight: 400;\">A profissional ressaltou que a amamenta\u00e7\u00e3o vai al\u00e9m da alimenta\u00e7\u00e3o, contribuindo para a cria\u00e7\u00e3o do v\u00ednculo entre m\u00e3e e filho e para a prote\u00e7\u00e3o da sa\u00fade da crian\u00e7a. Tamb\u00e9m destacou benef\u00edcios relacionados \u00e0 recupera\u00e7\u00e3o da mulher no per\u00edodo p\u00f3s-parto.<\/span><\/p>\n<p><span style=\"font-weight: 400;\">Outro ponto abordado foi a import\u00e2ncia de oferecer informa\u00e7\u00e3o adequada \u00e0s m\u00e3es para reduzir as dificuldades que podem levar \u00e0 interrup\u00e7\u00e3o precoce da amamenta\u00e7\u00e3o.<\/span><\/p>\n<p><span style=\"font-weight: 400;\">A programa\u00e7\u00e3o tamb\u00e9m teve uma etapa pr\u00e1tica conduzida por profissionais de enfermagem da Rede Aline. As participantes receberam orienta\u00e7\u00f5es sobre posicionamento e sobre a chamada <\/span><b>\u201cpega correta\u201d<\/b><span style=\"font-weight: 400;\">, t\u00e9cnica fundamental para favorecer uma amamenta\u00e7\u00e3o mais confort\u00e1vel e eficiente.<\/span><\/p>\n<p><span style=\"font-weight: 400;\">A orienta\u00e7\u00e3o adequada tamb\u00e9m ajuda a prevenir problemas como dores e fissuras nos mamilos, al\u00e9m de contribuir para que o beb\u00ea consiga realizar a suc\u00e7\u00e3o de maneira apropriada.<\/span><\/p>\n<h2><b>\u201cAbra\u00e7o Dourado\u201d re\u00fane redes municipal e estadual<\/b><\/h2>\n<p><img loading=\"lazy\" loading=\"lazy\" decoding=\"async\" class=\"alignnone size-medium wp-image-4222\" src=\"https:\/\/balancotocantins.com.br\/wp-content\/uploads\/2026\/08\/WhatsApp-Image-2026-08-19-at-09.33.45.jpeg\" alt=\"\" width=\"300\" height=\"209\" \/><\/p>\n<p><span style=\"font-weight: 400;\">A programa\u00e7\u00e3o do Agosto Dourado ter\u00e1 continuidade nesta quinta-feira (20), com a realiza\u00e7\u00e3o do <\/span><b>\u201cAbra\u00e7o Dourado\u201d<\/b><span style=\"font-weight: 400;\">, em frente ao Banco de Leite Humano do Hospital Regional de Gurupi.<\/span><\/p>\n<p><span style=\"font-weight: 400;\">A iniciativa \u00e9 promovida pelo Governo do Tocantins, por meio do Banco de Leite Humano de Gurupi, em parceria com a Prefeitura de Gurupi, atrav\u00e9s da Secretaria Municipal de Sa\u00fade.<\/span><\/p>\n<p><span style=\"font-weight: 400;\">A proposta \u00e9 integrar as redes municipal e estadual em uma a\u00e7\u00e3o de conscientiza\u00e7\u00e3o sobre a import\u00e2ncia da doa\u00e7\u00e3o de leite materno. O evento tamb\u00e9m pretende homenagear as m\u00e3es doadoras e chamar a aten\u00e7\u00e3o da comunidade para a contribui\u00e7\u00e3o do leite humano na alimenta\u00e7\u00e3o e recupera\u00e7\u00e3o de rec\u00e9m-nascidos, especialmente os prematuros.<\/span><\/p>\n<p><span style=\"font-weight: 400;\">Al\u00e9m da conscientiza\u00e7\u00e3o sobre a doa\u00e7\u00e3o, a mobiliza\u00e7\u00e3o busca fortalecer a rede de apoio \u00e0s m\u00e3es e ampliar o conhecimento da popula\u00e7\u00e3o sobre os servi\u00e7os dispon\u00edveis para o acompanhamento da amamenta\u00e7\u00e3o.<\/span><\/p>\n<h2><b>Programa\u00e7\u00e3o segue nas unidades<\/b><\/h2>\n<p><span style=\"font-weight: 400;\">As atividades do Agosto Dourado j\u00e1 passaram por diferentes pontos da rede municipal de sa\u00fade, incluindo as unidades <\/span><b>Pedroso, Nova Fronteira, Bela Vista e Cl\u00ednica da Mulher<\/b><span style=\"font-weight: 400;\">.<\/span><\/p>\n<p><span style=\"font-weight: 400;\">A programa\u00e7\u00e3o ter\u00e1 nova atividade no pr\u00f3ximo dia <\/span><b>26<\/b><span style=\"font-weight: 400;\">, na <\/span><b>USF Parque das Ac\u00e1cias<\/b><span style=\"font-weight: 400;\">.<\/span><\/p>\n<p><span style=\"font-weight: 400;\">Com a\u00e7\u00f5es distribu\u00eddas pelas unidades de sa\u00fade, a campanha procura levar informa\u00e7\u00e3o diretamente \u00e0s gestantes, lactantes e fam\u00edlias, refor\u00e7ando a import\u00e2ncia do acompanhamento profissional e do acesso a orienta\u00e7\u00f5es durante o per\u00edodo de amamenta\u00e7\u00e3o.<\/span><\/p>\n<p>&nbsp;<\/p>\n","protected":false},"excerpt":{"rendered":"<p>Programa\u00e7\u00e3o re\u00fane gestantes e lactantes com palestras, demonstra\u00e7\u00f5es pr\u00e1ticas e orienta\u00e7\u00f5es sobre os benef\u00edcios do aleitamento materno &nbsp; A Prefeitura de Gurupi, por meio da Secretaria Municipal de Sa\u00fade, intensificou a programa\u00e7\u00e3o do Agosto Dourado, campanha dedicada \u00e0 promo\u00e7\u00e3o, prote\u00e7\u00e3o e incentivo ao aleitamento materno. Nesta quarta-feira (19), a Unidade de Sa\u00fade da Fam\u00edlia (USF) [&hellip;]<\/p>\n","protected":false},"author":1,"featured_media":16783,"comment_status":"open","ping_status":"closed","sticky":false,"template":"","format":"standard","meta":{"fifu_image_url":"","fifu_image_alt":"","footnotes":""},"categories":[346],"tags":[1043],"class_list":["post-16781","post","type-post","status-publish","format-standard","has-post-thumbnail","category-saude","tag-capa"],"_links":{"self":[{"href":"https:\/\/balancotocantins.com.br\/index.php?rest_route=\/wp\/v2\/posts\/16781","targetHints":{"allow":["GET"]}}],"collection":[{"href":"https:\/\/balancotocantins.com.br\/index.php?rest_route=\/wp\/v2\/posts"}],"about":[{"href":"https:\/\/balancotocantins.com.br\/index.php?rest_route=\/wp\/v2\/types\/post"}],"author":[{"embeddable":true,"href":"https:\/\/balancotocantins.com.br\/index.php?rest_route=\/wp\/v2\/users\/1"}],"replies":[{"embeddable":true,"href":"https:\/\/balancotocantins.com.br\/index.php?rest_route=%2Fwp%2Fv2%2Fcomments&post=16781"}],"version-history":[{"count":1,"href":"https:\/\/balancotocantins.com.br\/index.php?rest_route=\/wp\/v2\/posts\/16781\/revisions"}],"predecessor-version":[{"id":16782,"href":"https:\/\/balancotocantins.com.br\/index.php?rest_route=\/wp\/v2\/posts\/16781\/revisions\/16782"}],"wp:featuredmedia":[{"embeddable":true,"href":"https:\/\/balancotocantins.com.br\/index.php?rest_route=\/wp\/v2\/media\/16783"}],"wp:attachment":[{"href":"https:\/\/balancotocantins.com.br\/index.php?rest_route=%2Fwp%2Fv2%2Fmedia&parent=16781"}],"wp:term":[{"taxonomy":"category","embeddable":true,"href":"https:\/\/balancotocantins.com.br\/index.php?rest_route=%2Fwp%2Fv2%2Fcategories&post=16781"},{"taxonomy":"post_tag","embeddable":true,"href":"https:\/\/balancotocantins.com.br\/index.php?rest_route=%2Fwp%2Fv2%2Ftags&post=16781"}],"curies":[{"name":"wp","href":"https:\/\/api.w.org\/{rel}","templated":true}]}}