{"id":16788,"date":"2026-08-21T20:38:38","date_gmt":"2026-08-21T23:38:38","guid":{"rendered":"https:\/\/balancotocantins.com.br\/?p=16788"},"modified":"2026-08-21T20:38:42","modified_gmt":"2026-08-21T23:38:42","slug":"prefeitura-de-gurupi-inicia-primeiras-cirurgias-eletivas-do-opera-gurupi","status":"publish","type":"post","link":"https:\/\/balancotocantins.com.br\/?p=16788","title":{"rendered":"Prefeitura de Gurupi inicia primeiras cirurgias eletivas do &#8220;Opera Gurupi&#8221;"},"content":{"rendered":"<div>As primeiras cirurgias eletivas do programa &#8220;Opera Gurupi&#8221; j\u00e1 foram realizadas nesta sexta-feira, 21. O projeto realizado pela Prefeitura de Gurupi, por meio da Secretaria Municipal de Sa\u00fade, foi lan\u00e7ado no \u00faltimo dia 7 de agosto. A previs\u00e3o era de que as cirurgias tivessem in\u00edcio no pr\u00f3ximo dia 24, mas, com a agilidade do processo, os primeiros pacientes j\u00e1 foram contemplados nesta sexta.<\/div>\n<div>\n<p>Antes das 6h da manh\u00e3, a prefeita Josi Nunes j\u00e1 estava na sede da Secretaria Municipal de Sa\u00fade. Ela fez quest\u00e3o de acompanhar o embarque dos pacientes no transporte disponibilizado pelo Munic\u00edpio, rumo ao Hospital do Caju, em Para\u00edso do Tocantins, onde os procedimentos est\u00e3o sendo realizados.<\/p>\n<p>Neste primeiro dia de a\u00e7\u00e3o, foram realizados 12 procedimentos de Cirurgia Geral, contemplando um grupo formado por tr\u00eas crian\u00e7as, cinco homens e quatro mulheres. O cronograma operacional ter\u00e1 continuidade na pr\u00f3xima segunda-feira, 24, quando ser\u00e3o realizadas mais 12 cirurgias, mantendo a mesma divis\u00e3o de perfis. Ao todo, o programa tem como objetivo realizar 1.500 cirurgias.<\/p>\n<p>Durante o embarque, a prefeita Josi Nunes conversou com os moradores, destacou a celeridade do processo e evidenciou as parcerias que viabilizaram a a\u00e7\u00e3o. \u201cO recurso para este programa foi destinado pelo senador Iraj\u00e1 Abreu e o nosso objetivo \u00e9 proporcionar mais agilidade aos gurupienses que est\u00e3o aguardando h\u00e1 muito tempo. As consultas come\u00e7aram h\u00e1 menos de dez dias e j\u00e1 estamos realizando as primeiras cirurgias. \u00c9 mais um compromisso sendo cumprido pela nossa gest\u00e3o\u201d, enfatizou a prefeita.<\/p>\n<p>O secret\u00e1rio municipal de Sa\u00fade, Ricardo Silva de Jesus, destacou o empenho da rede de profissionais envolvidos e o impacto social da for\u00e7a-tarefa. &#8220;Hoje \u00e9 dia de agradecer a cada pessoa que est\u00e1 fazendo o Opera Gurupi acontecer. Cada cirurgia realizada representa muito mais do que um n\u00famero ou um indicador, \u00e9 uma pessoa que volta a sonhar, a trabalhar, a cuidar da fam\u00edlia e a viver com mais dignidade. Isso mostra que a gest\u00e3o p\u00fablica consegue transformar espera em cuidado e fila em solu\u00e7\u00e3o&#8221;, pontuou o secret\u00e1rio.<\/p>\n<p><b>Expectativa e al\u00edvio<\/b><\/p>\n<p>O sentimento de gratid\u00e3o marcou a madrugada antes da viagem. Josias, que aguardava h\u00e1 quatro anos por uma cirurgia de h\u00e9rnia, relatou \u00e0 prefeita a sua felicidade instantes antes de entrar no ve\u00edculo. &#8220;\u00c9 importante saber que tem algu\u00e9m cuidando da gente&#8221;, comentou o paciente, aliviado por finalmente realizar o procedimento.<\/p>\n<p>Na fase de triagem e exames pr\u00e9-operat\u00f3rios, outros pacientes tamb\u00e9m relataram o impacto do agendamento em suas rotinas. A operadora de caixa Simara dos Santos Silva aguardava h\u00e1 cinco meses na fila do munic\u00edpio por uma cirurgia de h\u00e9rnia umbilical e celebrou a oportunidade ap\u00f3s tentar o procedimento sem sucesso h\u00e1 dois anos. &#8220;N\u00e3o deu certo antes, mas agora finalmente vou conseguir pelo munic\u00edpio. Estou muito feliz em saber que vou parar de sentir dor&#8221;, relatou.<\/p>\n<p>A expectativa tamb\u00e9m \u00e9 compartilhada pela dona de casa Vania Maria da Costa, que h\u00e1 um ano esperava por uma histerectomia. &#8220;Estou com o cora\u00e7\u00e3o muito grato. Quando me ligaram para dar a not\u00edcia, fiquei muito feliz, pois saber que agora vai dar certo me d\u00e1 um al\u00edvio&#8221;, afirmou durante o processo de prepara\u00e7\u00e3o nesta semana. A previs\u00e3o \u00e9 que as cirurgias ginecol\u00f3gicas sejam realizadas na pr\u00f3xima sexta-feira, 28, conforme informado pela equipe da Dansul, empresa executante do projeto.<\/p>\n<p><b>Atendimento e Regula\u00e7\u00e3o<\/b><\/p>\n<p>Os procedimentos do &#8220;Opera Gurupi&#8221; s\u00e3o direcionados aos pacientes j\u00e1 regulados pela Central de Regula\u00e7\u00e3o do munic\u00edpio. As equipes da Secretaria de Sa\u00fade continuam realizando o contato direto com os benefici\u00e1rios, seguindo os crit\u00e9rios m\u00e9dicos de prioridade cl\u00ednica e o tempo de espera, para a marca\u00e7\u00e3o das consultas, exames pr\u00e9-operat\u00f3rios e agendamento das datas cir\u00fargicas.<\/p>\n<\/div>\n<p>Fonte: Secom<\/p>\n","protected":false},"excerpt":{"rendered":"<p>As primeiras cirurgias eletivas do programa &#8220;Opera Gurupi&#8221; j\u00e1 foram realizadas nesta sexta-feira, 21. O projeto realizado pela Prefeitura de Gurupi, por meio da Secretaria Municipal de Sa\u00fade, foi lan\u00e7ado no \u00faltimo dia 7 de agosto. A previs\u00e3o era de que as cirurgias tivessem in\u00edcio no pr\u00f3ximo dia 24, mas, com a agilidade do processo, [&hellip;]<\/p>\n","protected":false},"author":1,"featured_media":16790,"comment_status":"open","ping_status":"closed","sticky":false,"template":"","format":"standard","meta":{"fifu_image_url":"","fifu_image_alt":"","footnotes":""},"categories":[4200],"tags":[1043,10489,10488,80],"class_list":["post-16788","post","type-post","status-publish","format-standard","has-post-thumbnail","category-noticias","tag-capa","tag-cirurgia-eletivas","tag-opera-gurupi","tag-saude"],"_links":{"self":[{"href":"https:\/\/balancotocantins.com.br\/index.php?rest_route=\/wp\/v2\/posts\/16788","targetHints":{"allow":["GET"]}}],"collection":[{"href":"https:\/\/balancotocantins.com.br\/index.php?rest_route=\/wp\/v2\/posts"}],"about":[{"href":"https:\/\/balancotocantins.com.br\/index.php?rest_route=\/wp\/v2\/types\/post"}],"author":[{"embeddable":true,"href":"https:\/\/balancotocantins.com.br\/index.php?rest_route=\/wp\/v2\/users\/1"}],"replies":[{"embeddable":true,"href":"https:\/\/balancotocantins.com.br\/index.php?rest_route=%2Fwp%2Fv2%2Fcomments&post=16788"}],"version-history":[{"count":1,"href":"https:\/\/balancotocantins.com.br\/index.php?rest_route=\/wp\/v2\/posts\/16788\/revisions"}],"predecessor-version":[{"id":16789,"href":"https:\/\/balancotocantins.com.br\/index.php?rest_route=\/wp\/v2\/posts\/16788\/revisions\/16789"}],"wp:featuredmedia":[{"embeddable":true,"href":"https:\/\/balancotocantins.com.br\/index.php?rest_route=\/wp\/v2\/media\/16790"}],"wp:attachment":[{"href":"https:\/\/balancotocantins.com.br\/index.php?rest_route=%2Fwp%2Fv2%2Fmedia&parent=16788"}],"wp:term":[{"taxonomy":"category","embeddable":true,"href":"https:\/\/balancotocantins.com.br\/index.php?rest_route=%2Fwp%2Fv2%2Fcategories&post=16788"},{"taxonomy":"post_tag","embeddable":true,"href":"https:\/\/balancotocantins.com.br\/index.php?rest_route=%2Fwp%2Fv2%2Ftags&post=16788"}],"curies":[{"name":"wp","href":"https:\/\/api.w.org\/{rel}","templated":true}]}}