{"id":16794,"date":"2026-08-27T18:25:05","date_gmt":"2026-08-27T21:25:05","guid":{"rendered":"https:\/\/balancotocantins.com.br\/?p=16794"},"modified":"2026-08-27T18:25:11","modified_gmt":"2026-08-27T21:25:11","slug":"prefeitura-de-gurupi-promove-caminhada-do-agosto-lilas-para-conscientizar-sobre-o-combate-a-violencia-contra-as-mulheres","status":"publish","type":"post","link":"https:\/\/balancotocantins.com.br\/?p=16794","title":{"rendered":"Prefeitura de Gurupi promove Caminhada do Agosto Lil\u00e1s para conscientizar sobre o combate \u00e0 viol\u00eancia contra as mulheres"},"content":{"rendered":"<div dir=\"auto\">A Prefeitura de Gurupi, por meio da Secretaria Municipal da Mulher e Cidadania, realizou nesta ter\u00e7a-feira, 25, a Caminhada do Agosto Lil\u00e1s, mobiliza\u00e7\u00e3o que levou \u00e0 principal avenida do centro da cidade uma mensagem de conscientiza\u00e7\u00e3o e enfrentamento \u00e0 viol\u00eancia contra as mulheres. A a\u00e7\u00e3o reuniu representantes de diferentes institui\u00e7\u00f5es que integram a rede de prote\u00e7\u00e3o e defesa dos direitos das mulheres.<\/div>\n<div dir=\"auto\"><\/div>\n<div dir=\"auto\">A caminhada teve in\u00edcio em frente \u00e0 sede da Defensoria P\u00fablica, pr\u00f3ximo \u00e0 Avenida Beira Rio, e seguiu pela Avenida Goi\u00e1s at\u00e9 a Rua 01, encerrando-se em frente \u00e0 sede da Prefeitura de Gurupi. Durante o percurso, participantes carregaram faixas, cartazes e bal\u00f5es, al\u00e9m de distribu\u00edrem panfletos com informa\u00e7\u00f5es sobre os canais de den\u00fancia e os servi\u00e7os de apoio \u00e0s mulheres v\u00edtimas de viol\u00eancia.<\/div>\n<div dir=\"auto\"><\/div>\n<div dir=\"auto\">A mobiliza\u00e7\u00e3o contou com a participa\u00e7\u00e3o da Pol\u00edcia Militar, por meio da Patrulha Maria da Penha, Pol\u00edcia Civil, Poder Judici\u00e1rio, associa\u00e7\u00f5es e entidades filantr\u00f3picas, servidores municipais e alunos da Escola Municipal Dr. Ulisses Guimar\u00e3es e do Col\u00e9gio Positivo.<\/div>\n<div dir=\"auto\"><\/div>\n<div dir=\"auto\">A secret\u00e1ria municipal da Mulher e Cidadania, Cristina Donato, destacou que a a\u00e7\u00e3o tem como uma das principais finalidades ampliar o acesso \u00e0 informa\u00e7\u00e3o e fortalecer o trabalho preventivo. &#8220;Estamos levando \u00e0 popula\u00e7\u00e3o informa\u00e7\u00f5es sobre os canais de den\u00fancia e refor\u00e7ando que a viol\u00eancia contra a mulher precisa ser combatida antes que aconte\u00e7a o pior. Neste ano, a Secretaria de Estado da Educa\u00e7\u00e3o lan\u00e7ou o edital \u2018Escolas que Transformam\u2019, com o tema voltado ao fim do feminic\u00eddio. As escolas estaduais e municipais est\u00e3o junto com a Secretaria da Mulher de Gurupi nessa miss\u00e3o de conscientizar, prevenir e transformar\u201d, afirmou.<\/div>\n<div dir=\"auto\"><\/div>\n<div dir=\"auto\">O juiz da Vara Especializada no Combate \u00e0 Viol\u00eancia Dom\u00e9stica e Familiar contra a Mulher, Jossanner Nery, ressaltou a import\u00e2ncia das a\u00e7\u00f5es preventivas e lembrou que 2026 marca os 20 anos da Lei Maria da Penha. \u201cEm 2026, comemoramos 20 anos da Lei Maria da Penha. Dentro das pol\u00edticas de enfrentamento \u00e0 viol\u00eancia dom\u00e9stica, temos a\u00e7\u00f5es preventivas como o Agosto Lil\u00e1s e a Semana da Justi\u00e7a pela Paz em Casa, que buscam conscientizar a popula\u00e7\u00e3o sobre o combate ao feminic\u00eddio e a todas as formas de viol\u00eancia contra a mulher, seja f\u00edsica, psicol\u00f3gica ou sexual. Essa caminhada representa uma importante a\u00e7\u00e3o conjunta do munic\u00edpio e da Secretaria da Mulher para conscientizar a popula\u00e7\u00e3o de Gurupi e contribuir para a redu\u00e7\u00e3o dos \u00edndices de viol\u00eancia dom\u00e9stica e feminic\u00eddio\u201d, destacou.<\/div>\n<div dir=\"auto\"><\/div>\n<div dir=\"auto\">O comandante da Patrulha Maria da Penha do 4\u00ba BPM, capit\u00e3o Adair Aquino, tamb\u00e9m refor\u00e7ou a atua\u00e7\u00e3o integrada das institui\u00e7\u00f5es que comp\u00f5em a rede de prote\u00e7\u00e3o. \u201cA Patrulha Maria da Penha faz parte da Rede de Prote\u00e7\u00e3o da Mulher, juntamente com a Pol\u00edcia Civil, Judici\u00e1rio, Minist\u00e9rio P\u00fablico e demais \u00f3rg\u00e3os. O Agosto Lil\u00e1s \u00e9 um per\u00edodo importante para intensificarmos as a\u00e7\u00f5es de conscientiza\u00e7\u00e3o e preven\u00e7\u00e3o. A Pol\u00edcia Militar est\u00e1 presente para proteger, orientar e atuar no combate a qualquer tipo de crime praticado contra as mulheres\u201d, afirmou.<\/div>\n<div dir=\"auto\"><\/div>\n<div dir=\"auto\"><b>Conscientiza\u00e7\u00e3o<\/b><\/div>\n<div dir=\"auto\"><\/div>\n<div dir=\"auto\">A mobiliza\u00e7\u00e3o tamb\u00e9m chamou a aten\u00e7\u00e3o de trabalhadores do com\u00e9rcio e de pessoas que circulavam pelo centro de Gurupi. A passagem da caminhada despertou manifesta\u00e7\u00f5es de apoio \u00e0 iniciativa e refor\u00e7ou a import\u00e2ncia de levar o debate sobre a viol\u00eancia contra as mulheres para os espa\u00e7os p\u00fablicos.<\/div>\n<div dir=\"auto\"><\/div>\n<div dir=\"auto\">O vendedor Renato Carvalho, que acompanhou a movimenta\u00e7\u00e3o durante o expediente, considerou positiva a iniciativa. \u201c\u00c9 muito importante fazer esse tipo de a\u00e7\u00e3o, porque ainda vemos muitos casos de viol\u00eancia contra as mulheres. \u00c9 preciso falar sobre isso, conscientizar as pessoas e mostrar que esse tipo de viol\u00eancia n\u00e3o pode ser aceito. Quanto mais a sociedade participar e denunciar, melhor\u201d, afirmou.<\/div>\n<div dir=\"auto\"><\/div>\n<div dir=\"auto\">O aposentado Dilson Alves tamb\u00e9m destacou a import\u00e2ncia da mobiliza\u00e7\u00e3o. \u201c\u00c9 uma iniciativa muito v\u00e1lida. \u00c9 triste acompanhar os notici\u00e1rios e ver que ainda existem tantos casos de viol\u00eancia contra as mulheres. Isso precisa acabar. A conscientiza\u00e7\u00e3o \u00e9 importante para que as pessoas entendam que a mulher deve ser respeitada e protegida\u201d, declarou.<\/div>\n<div dir=\"auto\"><\/div>\n<div dir=\"auto\"><\/div>\n<div dir=\"auto\">Fonte: Secom<\/div>\n","protected":false},"excerpt":{"rendered":"<p>A Prefeitura de Gurupi, por meio da Secretaria Municipal da Mulher e Cidadania, realizou nesta ter\u00e7a-feira, 25, a Caminhada do Agosto Lil\u00e1s, mobiliza\u00e7\u00e3o que levou \u00e0 principal avenida do centro da cidade uma mensagem de conscientiza\u00e7\u00e3o e enfrentamento \u00e0 viol\u00eancia contra as mulheres. A a\u00e7\u00e3o reuniu representantes de diferentes institui\u00e7\u00f5es que integram a rede de [&hellip;]<\/p>\n","protected":false},"author":1,"featured_media":16796,"comment_status":"open","ping_status":"closed","sticky":false,"template":"","format":"standard","meta":{"fifu_image_url":"","fifu_image_alt":"","footnotes":""},"categories":[4200],"tags":[9269,1043,1021],"class_list":["post-16794","post","type-post","status-publish","format-standard","has-post-thumbnail","category-noticias","tag-agosto-lilas","tag-capa","tag-gurupi"],"_links":{"self":[{"href":"https:\/\/balancotocantins.com.br\/index.php?rest_route=\/wp\/v2\/posts\/16794","targetHints":{"allow":["GET"]}}],"collection":[{"href":"https:\/\/balancotocantins.com.br\/index.php?rest_route=\/wp\/v2\/posts"}],"about":[{"href":"https:\/\/balancotocantins.com.br\/index.php?rest_route=\/wp\/v2\/types\/post"}],"author":[{"embeddable":true,"href":"https:\/\/balancotocantins.com.br\/index.php?rest_route=\/wp\/v2\/users\/1"}],"replies":[{"embeddable":true,"href":"https:\/\/balancotocantins.com.br\/index.php?rest_route=%2Fwp%2Fv2%2Fcomments&post=16794"}],"version-history":[{"count":1,"href":"https:\/\/balancotocantins.com.br\/index.php?rest_route=\/wp\/v2\/posts\/16794\/revisions"}],"predecessor-version":[{"id":16795,"href":"https:\/\/balancotocantins.com.br\/index.php?rest_route=\/wp\/v2\/posts\/16794\/revisions\/16795"}],"wp:featuredmedia":[{"embeddable":true,"href":"https:\/\/balancotocantins.com.br\/index.php?rest_route=\/wp\/v2\/media\/16796"}],"wp:attachment":[{"href":"https:\/\/balancotocantins.com.br\/index.php?rest_route=%2Fwp%2Fv2%2Fmedia&parent=16794"}],"wp:term":[{"taxonomy":"category","embeddable":true,"href":"https:\/\/balancotocantins.com.br\/index.php?rest_route=%2Fwp%2Fv2%2Fcategories&post=16794"},{"taxonomy":"post_tag","embeddable":true,"href":"https:\/\/balancotocantins.com.br\/index.php?rest_route=%2Fwp%2Fv2%2Ftags&post=16794"}],"curies":[{"name":"wp","href":"https:\/\/api.w.org\/{rel}","templated":true}]}}