{"id":16800,"date":"2026-09-02T20:55:33","date_gmt":"2026-09-02T23:55:33","guid":{"rendered":"https:\/\/balancotocantins.com.br\/?p=16800"},"modified":"2026-09-02T21:00:43","modified_gmt":"2026-09-03T00:00:43","slug":"gurupi-amplia-espaco-para-empresas-e-reforca-estrategia-de-crescimento-do-parque-agroindustrial","status":"publish","type":"post","link":"https:\/\/balancotocantins.com.br\/?p=16800","title":{"rendered":"Gurupi amplia espa\u00e7o para empresas e refor\u00e7a estrat\u00e9gia de crescimento do Parque Agroindustrial"},"content":{"rendered":"<p><em>Prefeitura formaliza destina\u00e7\u00e3o de \u00e1reas, escritura e expans\u00e3o de empreendimentos no PAIG; gest\u00e3o aposta na atra\u00e7\u00e3o de investimentos e na gera\u00e7\u00e3o de empregos<\/em><\/p>\n<p>A Prefeitura de Gurupi avan\u00e7ou na estrat\u00e9gia de fortalecimento da economia local com a destina\u00e7\u00e3o de novas \u00e1reas para empresas que pretendem se instalar ou ampliar suas atividades no Parque Agroindustrial de Gurupi (PAIG). Em solenidade realizada nesta quarta-feira (2), no gabinete da prefeita Josi Nunes, foram formalizados documentos que viabilizam novos investimentos no principal polo industrial do munic\u00edpio.<\/p>\n<p>A iniciativa foi conduzida pela Secretaria Municipal de Desenvolvimento Econ\u00f4mico e reuniu empres\u00e1rios, representantes da administra\u00e7\u00e3o municipal e convidados. Ao todo, sete empresas receberam termos de reserva de \u00e1reas no PAIG, enquanto outra recebeu a escritura de doa\u00e7\u00e3o do terreno e uma empresa formalizou a retirada parcial de cl\u00e1usulas restritivas.<\/p>\n<p>A movimenta\u00e7\u00e3o refor\u00e7a o processo de expans\u00e3o do parque, que, segundo a administra\u00e7\u00e3o municipal, j\u00e1 conta com mais de 60 empresas. A expectativa \u00e9 que a chegada de novos empreendimentos amplie a atividade econ\u00f4mica e gere oportunidades de trabalho e renda em Gurupi.<\/p>\n<p>Participaram da solenidade o vice-prefeito Adailton Fonseca, o secret\u00e1rio municipal de Desenvolvimento Econ\u00f4mico, Wilson de Souza, e a diretora municipal de Ind\u00fastria e Com\u00e9rcio, Rosaina Pereira, al\u00e9m dos empres\u00e1rios beneficiados.<\/p>\n<h3>Gest\u00e3o aposta em ambiente favor\u00e1vel aos empres\u00e1rios<\/h3>\n<p>Durante o evento, o vice-prefeito Adailton Fonseca afirmou que a administra\u00e7\u00e3o municipal pretende manter uma rela\u00e7\u00e3o pr\u00f3xima com o setor produtivo e reduzir entraves para quem deseja investir no munic\u00edpio.<\/p>\n<p>\u201cContem com a gest\u00e3o. Estamos aqui para contribuir. \u00c9 uma gest\u00e3o aberta aos empres\u00e1rios, que ajuda o empreendedor, facilita, desburocratiza e agiliza os processos\u201d, declarou.<\/p>\n<p>Adailton relacionou a pol\u00edtica de atra\u00e7\u00e3o de empresas aos investimentos realizados em infraestrutura e mobilidade urbana.<\/p>\n<p>\u201cO resultado disso \u00e9 que hoje j\u00e1 temos mais de 60 empresas no PAIG. A cidade est\u00e1 em obras, crescendo e melhorando sua infraestrutura e mobilidade. Tudo isso contribui para atrair a iniciativa privada e fazer com que Gurupi continue avan\u00e7ando\u201d, acrescentou.<\/p>\n<p>Para o secret\u00e1rio Wilson de Souza, o acompanhamento dos empreendedores durante o processo de instala\u00e7\u00e3o \u00e9 uma das prioridades da atual gest\u00e3o.<\/p>\n<p>\u201cNossa equipe est\u00e1 sempre atenta para que o nosso PAIG continue crescendo. Nossa miss\u00e3o \u00e9 estar junto com o empres\u00e1rio, lado a lado, auxiliando no que for preciso para que o desenvolvimento econ\u00f4mico seja fomentado e para que novos empreendimentos possam se consolidar em Gurupi\u201d, afirmou.<\/p>\n<h3>Novos empreendimentos<\/h3>\n<p>Entre as empresas que receberam termos de reserva est\u00e1 a Raiar Solar. O propriet\u00e1rio, Luciano Medeiros, afirmou que a conquista representa mais do que a obten\u00e7\u00e3o de uma \u00e1rea f\u00edsica para a empresa.<\/p>\n<p>\u201cRepresenta muito mais do que a conquista de um espa\u00e7o f\u00edsico. Representa a oportunidade de desenvolver, crescer e contribuir com a gera\u00e7\u00e3o de empregos em Gurupi\u201d, disse.<\/p>\n<p>A Quinta Roda tamb\u00e9m foi contemplada. O propriet\u00e1rio, J\u00e2nio Rodrigues, afirmou que pretende iniciar as obras o quanto antes.<\/p>\n<p>\u201c\u00c9 uma satisfa\u00e7\u00e3o e uma alegria muito grandes. Agora vamos providenciar o mais r\u00e1pido poss\u00edvel a constru\u00e7\u00e3o para contribuir com o desenvolvimento do PAIG e da nossa cidade\u201d, declarou.<\/p>\n<p>Outra empresa beneficiada foi a CN Rodeios e Eventos, de Carlos Henrique Naves. Segundo o empres\u00e1rio, o processo de atendimento realizado pela administra\u00e7\u00e3o municipal ocorreu de forma r\u00e1pida.<\/p>\n<p>\u201cQuando procuramos a gest\u00e3o, as portas foram abertas para n\u00f3s. Foi tudo muito r\u00e1pido, sem burocracia, e agora j\u00e1 vamos come\u00e7ar a construir\u201d, afirmou.<\/p>\n<p>A Viveiro Flor e Amor, representada pela empres\u00e1ria Indyara Morais, tamb\u00e9m recebeu o termo de reserva. Ela destacou que a nova estrutura dever\u00e1 permitir o aumento da produ\u00e7\u00e3o e a cria\u00e7\u00e3o de novos postos de trabalho.<\/p>\n<p>\u201cEstamos ansiosos para come\u00e7ar a trabalhar e, com esse novo espa\u00e7o, poderemos aumentar nossa produ\u00e7\u00e3o para atender todo o Estado e tamb\u00e9m gerar empregos\u201d, afirmou.<\/p>\n<p>Na avalia\u00e7\u00e3o de Jos\u00e9 Dias J\u00fanior, propriet\u00e1rio da Imp\u00e9rio da Ra\u00e7\u00e3o, a obten\u00e7\u00e3o da \u00e1rea representa a concretiza\u00e7\u00e3o de um projeto antigo da empresa.<\/p>\n<p>\u201cEra um sonho nosso ter um terreno no PAIG. E tudo aconteceu de forma muito r\u00e1pida. Conquistamos nosso espa\u00e7o para produzir, crescer e contribuir com o fomento da economia local\u201d, afirmou.<\/p>\n<p>A Nova Safra Solu\u00e7\u00f5es Rurais tamb\u00e9m recebeu o termo de reserva. O propriet\u00e1rio, Wanderly Ant\u00f4nio J\u00fanior, destacou o suporte recebido durante o processo e afirmou que o empreendimento pretende gerar impactos econ\u00f4micos, sociais e ambientais positivos para o munic\u00edpio.<\/p>\n<p>Representando a LICT, Vitor Vilela ressaltou a localiza\u00e7\u00e3o estrat\u00e9gica de Gurupi e avaliou que o apoio do poder p\u00fablico \u00e9 relevante para empresas que pretendem se instalar ou expandir suas opera\u00e7\u00f5es na cidade.<\/p>\n<h3>Cerealista Jalap\u00e3o formaliza doa\u00e7\u00e3o<\/h3>\n<p>A solenidade tamb\u00e9m marcou a entrega da escritura de doa\u00e7\u00e3o \u00e0 Cerealista Jalap\u00e3o. O documento representa uma nova etapa na consolida\u00e7\u00e3o do empreendimento dentro do PAIG.<\/p>\n<p>O consultor e representante da empresa, Geraldo Cordeiro, atribuiu \u00e0 atua\u00e7\u00e3o da Prefeitura parte da agilidade no processo de implanta\u00e7\u00e3o.<\/p>\n<p>\u201cA Prefeitura viabilizou e agilizou mais esse empreendimento para a cidade. Foi tudo muito \u00e1gil, o que demonstra o compromisso da gest\u00e3o em facilitar a chegada e a consolida\u00e7\u00e3o de novos investimentos em Gurupi\u201d, afirmou.<\/p>\n<h3>Su\u00edno Carnes amplia produ\u00e7\u00e3o<\/h3>\n<p>Outro destaque do encontro foi a assinatura do documento que formaliza a retirada parcial de cl\u00e1usulas restritivas da Su\u00edno Carnes. A empresa j\u00e1 est\u00e1 instalada no PAIG e atravessa uma fase de expans\u00e3o de suas atividades.<\/p>\n<p>De acordo com o empres\u00e1rio Wanderson Queiroz, a empresa iniciou a opera\u00e7\u00e3o no parque h\u00e1 aproximadamente quatro anos e, desde ent\u00e3o, ampliou sua capacidade produtiva e passou a comercializar os produtos em todo o Tocantins.<\/p>\n<p>Atualmente, a empresa possui selo estadual e produz aproximadamente 120 mil quilos por m\u00eas. A previs\u00e3o \u00e9 elevar esse volume para 150 mil quilos mensais at\u00e9 o final do ano.<\/p>\n<p>\u201cCome\u00e7amos l\u00e1 h\u00e1 cerca de quatro anos e hoje j\u00e1 estamos com o selo estadual para comercializar em todo o Estado. J\u00e1 estamos produzindo 120 mil quilos por m\u00eas para todo o Tocantins, com a proje\u00e7\u00e3o de chegar a 150 mil at\u00e9 o final do ano\u201d, afirmou.<\/p>\n<p>Wanderson tamb\u00e9m destacou o apoio recebido da administra\u00e7\u00e3o municipal durante a trajet\u00f3ria da empresa no parque.<\/p>\n<p>\u201c\u00c9 uma gest\u00e3o que realmente acredita e trabalha para fomentar o crescimento econ\u00f4mico do munic\u00edpio\u201d, acrescentou.<\/p>\n<h3>PAIG como vetor de desenvolvimento<\/h3>\n<p>A formaliza\u00e7\u00e3o dos novos terrenos e dos documentos de regulariza\u00e7\u00e3o ocorre em um momento em que Gurupi busca ampliar sua capacidade de atrair empresas e diversificar a economia. O Parque Agroindustrial ocupa papel estrat\u00e9gico nessa pol\u00edtica, ao concentrar empreendimentos e oferecer espa\u00e7o para instala\u00e7\u00e3o e expans\u00e3o de atividades produtivas.<\/p>\n<p>Al\u00e9m da gera\u00e7\u00e3o direta de empregos, a chegada de novas empresas tende a movimentar fornecedores, servi\u00e7os, transporte e outros segmentos da economia local.<\/p>\n<p>Com a entrega dos documentos, a Prefeitura busca dar continuidade a uma pol\u00edtica de aproxima\u00e7\u00e3o com o setor empresarial, combinando disponibilidade de \u00e1reas, regulariza\u00e7\u00e3o dos empreendimentos e redu\u00e7\u00e3o de entraves administrativos.<\/p>\n<p>O desafio agora \u00e9 transformar as reservas e autoriza\u00e7\u00f5es formalizadas em novos empreendimentos efetivamente instalados e em expans\u00e3o. Para a administra\u00e7\u00e3o municipal, o avan\u00e7o do PAIG representa uma das principais frentes para fortalecer a economia de Gurupi e ampliar as oportunidades de emprego e renda para a popula\u00e7\u00e3o.<\/p>\n","protected":false},"excerpt":{"rendered":"<p>Prefeitura formaliza destina\u00e7\u00e3o de \u00e1reas, escritura e expans\u00e3o de empreendimentos no PAIG; gest\u00e3o aposta na atra\u00e7\u00e3o de investimentos e na gera\u00e7\u00e3o de empregos A Prefeitura de Gurupi avan\u00e7ou na estrat\u00e9gia de fortalecimento da economia local com a destina\u00e7\u00e3o de novas \u00e1reas para empresas que pretendem se instalar ou ampliar suas atividades no Parque Agroindustrial de [&hellip;]<\/p>\n","protected":false},"author":1,"featured_media":16802,"comment_status":"open","ping_status":"closed","sticky":false,"template":"","format":"standard","meta":{"fifu_image_url":"","fifu_image_alt":"","footnotes":""},"categories":[1300],"tags":[1043,67,8770,10491],"class_list":["post-16800","post","type-post","status-publish","format-standard","has-post-thumbnail","category-economia","tag-capa","tag-economia","tag-gurupi-to","tag-paig"],"_links":{"self":[{"href":"https:\/\/balancotocantins.com.br\/index.php?rest_route=\/wp\/v2\/posts\/16800","targetHints":{"allow":["GET"]}}],"collection":[{"href":"https:\/\/balancotocantins.com.br\/index.php?rest_route=\/wp\/v2\/posts"}],"about":[{"href":"https:\/\/balancotocantins.com.br\/index.php?rest_route=\/wp\/v2\/types\/post"}],"author":[{"embeddable":true,"href":"https:\/\/balancotocantins.com.br\/index.php?rest_route=\/wp\/v2\/users\/1"}],"replies":[{"embeddable":true,"href":"https:\/\/balancotocantins.com.br\/index.php?rest_route=%2Fwp%2Fv2%2Fcomments&post=16800"}],"version-history":[{"count":1,"href":"https:\/\/balancotocantins.com.br\/index.php?rest_route=\/wp\/v2\/posts\/16800\/revisions"}],"predecessor-version":[{"id":16801,"href":"https:\/\/balancotocantins.com.br\/index.php?rest_route=\/wp\/v2\/posts\/16800\/revisions\/16801"}],"wp:featuredmedia":[{"embeddable":true,"href":"https:\/\/balancotocantins.com.br\/index.php?rest_route=\/wp\/v2\/media\/16802"}],"wp:attachment":[{"href":"https:\/\/balancotocantins.com.br\/index.php?rest_route=%2Fwp%2Fv2%2Fmedia&parent=16800"}],"wp:term":[{"taxonomy":"category","embeddable":true,"href":"https:\/\/balancotocantins.com.br\/index.php?rest_route=%2Fwp%2Fv2%2Fcategories&post=16800"},{"taxonomy":"post_tag","embeddable":true,"href":"https:\/\/balancotocantins.com.br\/index.php?rest_route=%2Fwp%2Fv2%2Ftags&post=16800"}],"curies":[{"name":"wp","href":"https:\/\/api.w.org\/{rel}","templated":true}]}}