{"id":7496,"date":"2024-07-08T11:49:08","date_gmt":"2024-07-08T14:49:08","guid":{"rendered":"https:\/\/balancotocantins.com.br\/btg-revisa-expectativas-para-empresas-de-varejo-e-ainda-ve-muita-pressao-do-cenario-macro-empresas\/"},"modified":"2024-07-08T11:53:09","modified_gmt":"2024-07-08T14:53:09","slug":"btg-revisa-expectativas-para-empresas-de-varejo-e-ainda-ve-muita-pressao-do-cenario-macro-empresas","status":"publish","type":"post","link":"https:\/\/balancotocantins.com.br\/?p=7496","title":{"rendered":"BTG revisa expectativas para empresas de varejo e ainda v\u00ea muita press\u00e3o do cen\u00e1rio macro | Empresas"},"content":{"rendered":"<p><\/p>\n<div data-block-type=\"unstyled\" data-block-weight=\"36\">\n<p class=\" content-text__container theme-color-primary-first-letter\" data-track-category=\"Link no Texto\" data-track-links=\"\"> O <strong>BTG Pactual<\/strong> realizou uma revis\u00e3o generalizada das suas expectativas para as empresas do <strong>setor de varejo,<\/strong> reduzindo os pre\u00e7os-alvos de 13 das 25 companhias sob sua cobertura, muito por conta das incertezas no cen\u00e1rio macroecon\u00f4mico. <\/p>\n<\/p><\/div>\n<div>\n<div class=\"mc-column content-text active-extra-styles \" data-block-type=\"unstyled\" data-block-weight=\"53\">\n<p class=\" content-text__container \" data-track-category=\"Link no Texto\" data-track-links=\"\"> Entre as principais mudan\u00e7as, reduziram o pre\u00e7o-alvo de <strong>Magazine Luiza<\/strong><strong>,<\/strong> de R$ 37 para R 35, o de <strong>Arezzo &amp;Co, <\/strong>de R$ 80 para R$ 72, e <strong>Petz,<\/strong> de R$ 12 para R$ 5 \u2013 essas todas com recomenda\u00e7\u00e3o de compra, al\u00e9m de cortar <strong>CVC<\/strong> de R$ 13 para R$ 3, mantendo neutra. <\/p>\n<\/p><\/div>\n<div class=\"mc-column content-text active-extra-styles \" data-block-type=\"unstyled\" data-block-weight=\"37\">\n<p class=\" content-text__container \" data-track-category=\"Link no Texto\" data-track-links=\"\"> Os analistas Luiz Guanais, Gabriel Diselli e Pedro Lima escrevem que os fundamentos das companhias mostraram sinais claros de melhoria no in\u00edcio de 2024, e essa \u00e9 uma tend\u00eancia que deve continuar ao longo dos pr\u00f3ximos trimestres. <\/p>\n<\/p><\/div>\n<div class=\"mc-column content-text active-extra-styles \" data-block-type=\"unstyled\" data-block-weight=\"31\">\n<p class=\" content-text__container \" data-track-category=\"Link no Texto\" data-track-links=\"\"> Eles apontam que as companhias s\u00e3o beneficiadas por crescimento nas receitas, impulsionadas com maior origina\u00e7\u00e3o de cr\u00e9dito, al\u00e9m de margens mais saud\u00e1veis ap\u00f3s um processo de saneamento de custos e despesas. <\/p>\n<\/p><\/div>\n<div class=\"mc-column content-text active-extra-styles \" data-block-type=\"unstyled\" data-block-weight=\"42\">\n<p class=\" content-text__container \" data-track-category=\"Link no Texto\" data-track-links=\"\"> No entanto, o banco afirma que o movimento das a\u00e7\u00f5es ainda \u00e9 ditado pelo notici\u00e1rio pol\u00edtico e macroecon\u00f4mico. Com a perspectiva de juros mais altos por mais tempo e os poss\u00edveis efeitos que isso pode ter no consumo, as estimativas s\u00e3o impactadas. <\/p>\n<\/p><\/div>\n<div class=\"mc-column content-text active-extra-styles \" data-block-type=\"unstyled\" data-block-weight=\"39\">\n<p class=\" content-text__container \" data-track-category=\"Link no Texto\" data-track-links=\"\"> \u201cVemos pouco espa\u00e7o para revis\u00e3o positiva nas estimativas neste ano\u201d, comentam. Os analistas dizem que h\u00e1 uma s\u00e9rie de tend\u00eancias estruturais no varejo que precisam se consolidar, como a disputa com<strong> empresas da China <\/strong>e novos padr\u00f5es de consumo. <\/p>\n<\/p><\/div>\n<div data-track-category=\"multicontent\" data-track-action=\"ultimo chunk conteudo\" data-track-noninteraction=\"false\" data-track-scroll=\"view\">\n<div class=\"mc-column content-text active-extra-styles \" data-block-type=\"unstyled\" data-block-weight=\"39\">\n<p class=\" content-text__container \" data-track-category=\"Link no Texto\" data-track-links=\"\"> Neste cen\u00e1rio, o BTG prefere montar uma carteira de a\u00e7\u00f5es no varejo com empresas que est\u00e3o com melhor momento operacional e menor possibilidade de surpresas negativas nos resultados, como <strong>Mercado Livre, Smart Fit, Grupo Mateus, Vivara e Grupo SBF.<\/strong> <\/p>\n<\/p><\/div>\n<\/p><\/div>\n<\/p><\/div>\n<p><a href=\"https:\/\/valor.globo.com\/empresas\/noticia\/2024\/07\/08\/btg-revisa-expectativas-para-empresas-de-varejo-e-ainda-ve-muita-pressao-do-cenario-macro.ghtml\">Fonte: valor.globo.com<\/a><\/p>\n","protected":false},"excerpt":{"rendered":"<p>O BTG Pactual realizou uma revis\u00e3o generalizada das suas expectativas para as empresas do setor de varejo, reduzindo os pre\u00e7os-alvos de 13 das 25 companhias sob sua cobertura, muito por conta das incertezas no cen\u00e1rio macroecon\u00f4mico. Entre as principais mudan\u00e7as, reduziram o pre\u00e7o-alvo de Magazine Luiza, de R$ 37 para R 35, o de Arezzo [&hellip;]<\/p>\n","protected":false},"author":1,"featured_media":7497,"comment_status":"open","ping_status":"open","sticky":false,"template":"","format":"standard","meta":{"fifu_image_url":"https:\/\/s2-valor.glbimg.com\/N4GE9LA1mjGUUpp9D3fBHjVct7k=\/1200x\/smart\/filters:cover():strip_icc()\/i.s3.glbimg.com\/v1\/AUTH_63b422c2caee4269b8b34177e8876b93\/internal_photos\/bs\/2024\/a\/m\/EbXOONRkGYcgIM5h2HNw\/foto27rel-101-guia-f2.jpg","fifu_image_alt":"","footnotes":""},"categories":[1300],"tags":[60,6204,5121,4406,1776,574,5405,6206,6203,931,100,4332,209,6205,4404,160],"class_list":{"0":"post-7496","1":"post","2":"type-post","3":"status-publish","4":"format-standard","5":"has-post-thumbnail","7":"category-economia","8":"tag-ainda","9":"tag-arezzo-empresa","10":"tag-btg","11":"tag-cenario","12":"tag-comercio-varejista","13":"tag-empresas","14":"tag-expectativas","15":"tag-macro","16":"tag-magazine-luiza","17":"tag-muita","18":"tag-para","19":"tag-petz","20":"tag-pressao","21":"tag-revisa","22":"tag-varejo","23":"tag-ve"},"_links":{"self":[{"href":"https:\/\/balancotocantins.com.br\/index.php?rest_route=\/wp\/v2\/posts\/7496","targetHints":{"allow":["GET"]}}],"collection":[{"href":"https:\/\/balancotocantins.com.br\/index.php?rest_route=\/wp\/v2\/posts"}],"about":[{"href":"https:\/\/balancotocantins.com.br\/index.php?rest_route=\/wp\/v2\/types\/post"}],"author":[{"embeddable":true,"href":"https:\/\/balancotocantins.com.br\/index.php?rest_route=\/wp\/v2\/users\/1"}],"replies":[{"embeddable":true,"href":"https:\/\/balancotocantins.com.br\/index.php?rest_route=%2Fwp%2Fv2%2Fcomments&post=7496"}],"version-history":[{"count":1,"href":"https:\/\/balancotocantins.com.br\/index.php?rest_route=\/wp\/v2\/posts\/7496\/revisions"}],"predecessor-version":[{"id":7498,"href":"https:\/\/balancotocantins.com.br\/index.php?rest_route=\/wp\/v2\/posts\/7496\/revisions\/7498"}],"wp:featuredmedia":[{"embeddable":true,"href":"https:\/\/balancotocantins.com.br\/index.php?rest_route=\/wp\/v2\/media\/7497"}],"wp:attachment":[{"href":"https:\/\/balancotocantins.com.br\/index.php?rest_route=%2Fwp%2Fv2%2Fmedia&parent=7496"}],"wp:term":[{"taxonomy":"category","embeddable":true,"href":"https:\/\/balancotocantins.com.br\/index.php?rest_route=%2Fwp%2Fv2%2Fcategories&post=7496"},{"taxonomy":"post_tag","embeddable":true,"href":"https:\/\/balancotocantins.com.br\/index.php?rest_route=%2Fwp%2Fv2%2Ftags&post=7496"}],"curies":[{"name":"wp","href":"https:\/\/api.w.org\/{rel}","templated":true}]}}