{"id":7700,"date":"2024-07-16T10:39:57","date_gmt":"2024-07-16T13:39:57","guid":{"rendered":"https:\/\/balancotocantins.com.br\/por-que-celebridades-estrangeiras-estao-aparecendo-mais-em-campanhas-brasileiras-marketing\/"},"modified":"2024-07-16T10:56:36","modified_gmt":"2024-07-16T13:56:36","slug":"por-que-celebridades-estrangeiras-estao-aparecendo-mais-em-campanhas-brasileiras-marketing","status":"publish","type":"post","link":"https:\/\/balancotocantins.com.br\/?p=7700","title":{"rendered":"Por que celebridades estrangeiras est\u00e3o aparecendo mais em campanhas brasileiras | Marketing"},"content":{"rendered":"<p><\/p>\n<div data-block-type=\"unstyled\" data-block-weight=\"65\">\n<p class=\" content-text__container theme-color-primary-first-letter\" data-track-category=\"Link no Texto\" data-track-links=\"\"> O uso de celebridades internacionais pode n\u00e3o ser uma novidade na publicidade brasileira, mas continua a ser uma estrat\u00e9gia que, periodicamente, ressurge com for\u00e7a renovada. Marcas t\u00eam, nos \u00faltimos meses, recorrido a figuras ic\u00f4nicas como Will Smith, Madonna e Bruno Mars como embaixadoras de suas mensagens, aproveitando n\u00e3o apenas sua popularidade, como tamb\u00e9m a conex\u00e3o emocional que esses rostos familiares podem proporcionar aos consumidores. <\/p>\n<\/p><\/div>\n<div>\n<div class=\"mc-column content-text active-extra-styles \" data-block-type=\"unstyled\" data-block-weight=\"34\">\n<p class=\" content-text__container \" data-track-category=\"Link no Texto\" data-track-links=\"\"> Essa abordagem de marketing refor\u00e7a a relev\u00e2ncia atemporal dessas personalidades na promo\u00e7\u00e3o de produtos e servi\u00e7os, e destaca a sua capacidade \u00fanica de influenciar decis\u00f5es de compra em um mercado cada vez mais competitivo. <\/p>\n<\/p><\/div>\n<div class=\"mc-column content-text active-extra-styles \" data-block-type=\"unstyled\" data-block-weight=\"73\">\n<p class=\" content-text__container \" data-track-category=\"Link no Texto\" data-track-links=\"\"> Com entradas no hor\u00e1rio nobre da TV e grande campanha em social media, <a rel=\"nofollow noopener\" target=\"_blank\" class=\"\" href=\"https:\/\/www.youtube.com\/watch?v=TPopBDAbaK8\">a<strong> Shopee<\/strong> contratou o ator Terry Crews, conhecido pelo filme \u2018As Branquelas\u2019 e pelo seriado \u2018Todo Mundo Odeia o Chris\u2019, como novo embaixador da marca<\/a>. Para se ter ideia, a postagem de an\u00fancio da novidade obteve mais engajamento do que, somadas, as a\u00e7\u00f5es publicit\u00e1rias com o grupo \u00c9 o Tchan!, a apresentadora Xuxa e a cantora Ludmilla para a plataforma. <\/p>\n<\/p><\/div>\n<div class=\"mc-column content-text active-extra-styles \" data-block-type=\"unstyled\" data-block-weight=\"54\">\n<p class=\" content-text__container \" data-track-category=\"Link no Texto\" data-track-links=\"\"> \u201cEsse \u00e9 o potencial de ter um astro como o Terry Crews em uma campanha. De fato, \u00e9 um investimento mais alto em compara\u00e7\u00e3o \u00e0 contrata\u00e7\u00e3o de celebridades nacionais, principalmente em um momento de alta cambial do d\u00f3lar, mas os resultados tamb\u00e9m acompanham\u201d, afirmou Rodrigo Farah, head de marca e live commerce da empresa. <\/p>\n<\/p><\/div>\n<div class=\"mc-column content-text active-extra-styles \" data-block-type=\"unstyled\" data-block-weight=\"68\">\n<p class=\" content-text__container \" data-track-category=\"Link no Texto\" data-track-links=\"\"> No comercial, criado para o anivers\u00e1rio da marca em 7 de julho, Crews desembarca no Rio de Janeiro para a comemora\u00e7\u00e3o, fala em portugu\u00eas e faz a \u201cdan\u00e7a do peitoral\u201d, como no filme As Branquelas. A data promocional registrou o maior n\u00famero de acessos \u00fanicos em um \u00fanico dia no marketplace, presente no Brasil h\u00e1 quatro anos, e o dobro de vendas do mesmo per\u00edodo do ano passado. <\/p>\n<\/p><\/div>\n<div class=\"mc-column content-text active-extra-styles \" data-block-type=\"unstyled\" data-block-weight=\"66\">\n<p class=\" content-text__container \" data-track-category=\"Link no Texto\" data-track-links=\"\"> \u201cAl\u00e9m de ser um nome global atuando com exclusividade para a Shopee no Brasil, ele re\u00fane as principais caracter\u00edsticas de personalidade da nossa marca, sendo uma pessoa alegre, simples e acess\u00edvel&#8221;, explicou Farah. Para a grava\u00e7\u00e3o, Crews viajou dos Estados Unidos para a cidade de Cotia, em S\u00e3o Paulo, onde aconteceram as grava\u00e7\u00f5es. Outras campanhas j\u00e1 gravadas com o ator ir\u00e3o ao ar em breve. <\/p>\n<\/p><\/div>\n<div class=\"mc-column content-text active-extra-styles \" data-block-type=\"unstyled\" data-block-weight=\"26\">\n<p class=\" content-text__container \" data-track-category=\"Link no Texto\" data-track-links=\"\"> Ao todo, 27% dos mais de 14 milh\u00f5es de seguidores nas redes sociais do ator s\u00e3o brasileiros, ficando atr\u00e1s apenas dos norte-americanos, que representam 28%. <\/p>\n<\/p><\/div>\n<div class=\"mc-column content-text active-extra-styles \" data-block-type=\"unstyled\" data-block-weight=\"12\">\n<p class=\" content-text__container \" data-track-category=\"Link no Texto\" data-track-links=\"\"> <strong>Campanha com Will Smith aumentou em 276% visitas ao site da Nomad<\/strong> <\/p>\n<\/p><\/div>\n<div class=\"row medium-uncollapsed content-media content-photo\" data-block-type=\"backstage-photo\">\n<div class=\"mc-column content-media__container\">\n<div class=\"content-media-container\">\n<figure class=\"content-media__figure\"><figcaption class=\"content-media__description\"> Will Smith na campanha para a fintech Nomad \u2014 Foto: Divulga\u00e7\u00e3o <\/figcaption><\/figure>\n<\/p><\/div>\n<\/p><\/div>\n<\/p><\/div>\n<div class=\"mc-column content-text active-extra-styles \" data-block-type=\"unstyled\" data-block-weight=\"69\">\n<p class=\" content-text__container \" data-track-category=\"Link no Texto\" data-track-links=\"\"> Criada em 2019, a <strong>Nomad<\/strong> busca se destacar no concorrido setor financeiro. Para isso, <a rel=\"nofollow noopener\" target=\"_blank\" class=\"\" href=\"https:\/\/www.youtube.com\/watch?v=W0QTaPYeRzo\">contratou Will Smith para sua primeira grande campanha veiculada na TV<\/a>. No an\u00fancio, ele fala portugu\u00eas, espanhol, franc\u00eas e at\u00e9 japon\u00eas por meio do uso de intelig\u00eancia artificial (IA), com o objetivo de refor\u00e7ar a mensagem \u201csem fronteiras\u201d da &#8220;fintech&#8221;, que oferece investimentos no exterior e cart\u00e3o de d\u00e9bito aceito em mais de 180 pa\u00edses. <\/p>\n<\/p><\/div>\n<div class=\"mc-column content-text active-extra-styles \" data-block-type=\"unstyled\" data-block-weight=\"58\">\n<p class=\" content-text__container \" data-track-category=\"Link no Texto\" data-track-links=\"\"> Na data seguinte ao lan\u00e7amento da campanha, em 1 de julho, \u00e0s visitas ao site da Nomad a partir de origens org\u00e2nicas, ou seja, acessos diretos ou via pesquisas nos mecanismos de buscas, registraram alta de 276%. J\u00e1 os canais nas redes sociais cresceram 37% na data, em especial a conta do Instagram, que apresentou eleva\u00e7\u00e3o de 200%. <\/p>\n<\/p><\/div>\n<div class=\"mc-column content-text active-extra-styles \" data-block-type=\"unstyled\" data-block-weight=\"56\">\n<p class=\" content-text__container \" data-track-category=\"Link no Texto\" data-track-links=\"\"> \u201cO ator \u00e9 uma das celebridades com maior v\u00ednculo e engajamento com os brasileiros, e nunca havia feito campanha publicit\u00e1ria no Brasil. Al\u00e9m disso, a presen\u00e7a dele com a brincadeira do idioma materializa o conceito criativo da campanha &#8211; n\u00e3o \u00e9 um uso gratuito de celebridade\u201d, disse a diretora de marketing da Nomad, Thais Souza Nicolau. <\/p>\n<\/p><\/div>\n<div class=\"row medium-uncollapsed content-media content-photo\" data-block-type=\"backstage-photo\">\n<div class=\"mc-column content-media__container\">\n<div class=\"content-media-container\">\n<figure class=\"content-media__figure\"> <img loading=\"lazy\" decoding=\"async\" class=\"content-media__image\" srcset=\"https:\/\/s2-valor.glbimg.com\/KRyZgw4ei1j0Gyzxz-_jhW0u7-o=\/0x0:1536x864\/1000x0\/smart\/filters:strip_icc()\/i.s3.glbimg.com\/v1\/AUTH_63b422c2caee4269b8b34177e8876b93\/internal_photos\/bs\/2024\/Y\/V\/ysclYYSa6JcU0CdQ7lVQ\/whatsapp-image-2024-07-15-at-20.50.20.jpeg 1000w, https:\/\/s2-valor.glbimg.com\/5BnekiCC0MOYUzwRlMr2T5NEtKw=\/0x0:1536x864\/984x0\/smart\/filters:strip_icc()\/i.s3.glbimg.com\/v1\/AUTH_63b422c2caee4269b8b34177e8876b93\/internal_photos\/bs\/2024\/Y\/V\/ysclYYSa6JcU0CdQ7lVQ\/whatsapp-image-2024-07-15-at-20.50.20.jpeg 984w, https:\/\/s2-valor.glbimg.com\/iSTi3KT2H3emKK9ft44a_62K_5c=\/0x0:1536x864\/640x0\/smart\/filters:strip_icc()\/i.s3.glbimg.com\/v1\/AUTH_63b422c2caee4269b8b34177e8876b93\/internal_photos\/bs\/2024\/Y\/V\/ysclYYSa6JcU0CdQ7lVQ\/whatsapp-image-2024-07-15-at-20.50.20.jpeg 640w, https:\/\/s2-valor.glbimg.com\/QxcCL8Fg6euAXQbALUX9M4HeaA8=\/0x0:1536x864\/600x0\/smart\/filters:strip_icc()\/i.s3.glbimg.com\/v1\/AUTH_63b422c2caee4269b8b34177e8876b93\/internal_photos\/bs\/2024\/Y\/V\/ysclYYSa6JcU0CdQ7lVQ\/whatsapp-image-2024-07-15-at-20.50.20.jpeg 600w\" src=\"https:\/\/s2-valor.glbimg.com\/5BnekiCC0MOYUzwRlMr2T5NEtKw=\/0x0:1536x864\/984x0\/smart\/filters:strip_icc()\/i.s3.glbimg.com\/v1\/AUTH_63b422c2caee4269b8b34177e8876b93\/internal_photos\/bs\/2024\/Y\/V\/ysclYYSa6JcU0CdQ7lVQ\/whatsapp-image-2024-07-15-at-20.50.20.jpeg\" alt=\"Madonna protagonizou a campanha dos 100 anos do Ita\u00fa \u2014 Foto: Divulga\u00e7\u00e3o\" width=\"1536\" height=\"864\" loading=\"lazy\"\/><figcaption class=\"content-media__description\"> Madonna protagonizou a campanha dos 100 anos do Ita\u00fa \u2014 Foto: Divulga\u00e7\u00e3o <\/figcaption><\/figure>\n<\/p><\/div>\n<\/p><\/div>\n<\/p><\/div>\n<div class=\"mc-column content-text active-extra-styles \" data-block-type=\"unstyled\" data-block-weight=\"49\">\n<p class=\" content-text__container \" data-track-category=\"Link no Texto\" data-track-links=\"\"> Para o CEO, s\u00f3cio e copresidente da<strong> Africa Creative<\/strong>, M\u00e1rcio Santoro, ag\u00eancia respons\u00e1vel por campanhas como a dos 100 anos do Ita\u00fa com a cantora Madonna, a estrat\u00e9gia de utilizar uma celebridade internacional em uma campanha publicit\u00e1ria precisa ser utilizada com pertin\u00eancia e envolvimento em uma narrativa da marca. <\/p>\n<\/p><\/div>\n<div class=\"mc-column content-text active-extra-styles \" data-block-type=\"unstyled\" data-block-weight=\"72\">\n<p class=\" content-text__container \" data-track-category=\"Link no Texto\" data-track-links=\"\"> \u201cN\u00e3o adianta achar que s\u00f3 colocar uma celebridade internacional vai fazer com que a campanha tenha sucesso. N\u00e3o \u00e9 uma f\u00f3rmula. \u00c9 preciso ter pertin\u00eancia, inclusive, para n\u00e3o correr o risco da celebridade ser maior do que a pr\u00f3pria campanha e as pessoas nem lembrarem da marca ou daquela hist\u00f3ria que ela est\u00e1 tentando contar. Quer dizer, a celebridade nacional ou internacional tem que ser parte de um todo\u201d, disse Santoro. <\/p>\n<\/p><\/div>\n<div class=\"row medium-uncollapsed content-media content-photo\" data-block-type=\"backstage-photo\">\n<div class=\"mc-column content-media__container\">\n<div class=\"content-media-container\">\n<figure class=\"content-media__figure\"> <img loading=\"lazy\" decoding=\"async\" class=\"content-media__image\" srcset=\"https:\/\/s2-valor.glbimg.com\/cjwcVoJOVpfg0XEL6ajGhNGPr04=\/0x0:3456x5184\/1000x0\/smart\/filters:strip_icc()\/i.s3.glbimg.com\/v1\/AUTH_63b422c2caee4269b8b34177e8876b93\/internal_photos\/bs\/2024\/m\/k\/84UtwAR8iAuvbK9WSbBg\/marcio-santoro-8315.jpg 1000w, https:\/\/s2-valor.glbimg.com\/XvvHc8mVvxlI-Kfw-ec1JIy539M=\/0x0:3456x5184\/984x0\/smart\/filters:strip_icc()\/i.s3.glbimg.com\/v1\/AUTH_63b422c2caee4269b8b34177e8876b93\/internal_photos\/bs\/2024\/m\/k\/84UtwAR8iAuvbK9WSbBg\/marcio-santoro-8315.jpg 984w, https:\/\/s2-valor.glbimg.com\/YDRfhAMxfpxNdOcMMeKfMpDXxMs=\/0x0:3456x5184\/640x0\/smart\/filters:strip_icc()\/i.s3.glbimg.com\/v1\/AUTH_63b422c2caee4269b8b34177e8876b93\/internal_photos\/bs\/2024\/m\/k\/84UtwAR8iAuvbK9WSbBg\/marcio-santoro-8315.jpg 640w, https:\/\/s2-valor.glbimg.com\/fwE17HSIEa8TmwRqmED9ErH2I_0=\/0x0:3456x5184\/600x0\/smart\/filters:strip_icc()\/i.s3.glbimg.com\/v1\/AUTH_63b422c2caee4269b8b34177e8876b93\/internal_photos\/bs\/2024\/m\/k\/84UtwAR8iAuvbK9WSbBg\/marcio-santoro-8315.jpg 600w\" src=\"https:\/\/s2-valor.glbimg.com\/XvvHc8mVvxlI-Kfw-ec1JIy539M=\/0x0:3456x5184\/984x0\/smart\/filters:strip_icc()\/i.s3.glbimg.com\/v1\/AUTH_63b422c2caee4269b8b34177e8876b93\/internal_photos\/bs\/2024\/m\/k\/84UtwAR8iAuvbK9WSbBg\/marcio-santoro-8315.jpg\" alt=\"M\u00e1rcio Santoro \u00e9 CEO, s\u00f3cio e copresidente da Africa Creative \u2014 Foto: Divulga\u00e7\u00e3o\" width=\"3456\" height=\"5184\" loading=\"lazy\"\/><figcaption class=\"content-media__description\"> M\u00e1rcio Santoro \u00e9 CEO, s\u00f3cio e copresidente da Africa Creative \u2014 Foto: Divulga\u00e7\u00e3o <\/figcaption><\/figure>\n<\/p><\/div>\n<\/p><\/div>\n<\/p><\/div>\n<div class=\"mc-column content-text active-extra-styles \" data-block-type=\"unstyled\" data-block-weight=\"47\">\n<p class=\" content-text__container \" data-track-category=\"Link no Texto\" data-track-links=\"\"> No caso da campanha para o Ita\u00fa, outras celebridades estrelaram a a\u00e7\u00e3o em comemora\u00e7\u00e3o aos centen\u00e1rio do banco com o slogan \u201cFeito de Futuro\u201d, como a atriz Fernanda Montenegro, os jogadores Ronaldo \u2018Fen\u00f4meno\u2019 e Marta, o cantor Jorge Ben Jor e a bailarina Ingrid Silva. <\/p>\n<\/p><\/div>\n<div class=\"mc-column content-text active-extra-styles \" data-block-type=\"unstyled\" data-block-weight=\"68\">\n<p class=\" content-text__container \" data-track-category=\"Link no Texto\" data-track-links=\"\"> \u201cEscolhemos celebridades maiores do que o tempo, cujas hist\u00f3rias se reinventam. Isso se comunica com a pr\u00f3pria hist\u00f3ria do banco. E nos resultados, os filmes com as celebridades nacionais foram t\u00e3o bem avaliados quanto o com a Madonna. Isso mostra que quando as personalidades, nacionais ou internacionais, fazem parte de uma narrativa da marca, elas t\u00eam muita for\u00e7a e os investimentos se justificam\u201d, apontou o CEO da Africa. <\/p>\n<\/p><\/div>\n<div class=\"mc-column content-text active-extra-styles \" data-block-type=\"unstyled\" data-block-weight=\"58\">\n<p class=\" content-text__container \" data-track-category=\"Link no Texto\" data-track-links=\"\"> A apresenta\u00e7\u00e3o da cantora na praia de Copacabana, na cidade do Rio, promovida pelo Ita\u00fa em parceria com a Heineken, reuniu mais de 1,6 milh\u00e3o de pessoas, segundo dados da Riotur. O banco tamb\u00e9m acumula em seu hist\u00f3rico a\u00e7\u00f5es publicit\u00e1rias com o <a rel=\"nofollow noopener\" target=\"_blank\" class=\"\" href=\"https:\/\/www.youtube.com\/watch?v=qntWs2TA80o\">ator Sylvester Stallone<\/a>, <a rel=\"nofollow noopener\" target=\"_blank\" class=\"\" href=\"https:\/\/www.youtube.com\/watch?v=6u6VdR5qvYo\">o tenista Carlos Alcaraz <\/a>e o<a rel=\"nofollow noopener\" target=\"_blank\" class=\"\" href=\"https:\/\/www.youtube.com\/watch?v=AvQW5p0wSQg\"> piloto de F\u00f3rmula 1 Lewis Hamilton<\/a>. <\/p>\n<\/p><\/div>\n<div class=\"mc-column content-text active-extra-styles \" data-block-type=\"unstyled\" data-block-weight=\"79\">\n<p class=\" content-text__container \" data-track-category=\"Link no Texto\" data-track-links=\"\"> \u201cQuer\u00edamos que os nossos clientes se vissem representados, por isso fomos entender a fundo o comportamento e interesses pessoais das principais personas que comp\u00f5em nossa base de clientes. Percebemos que existem algumas personas com interesses comuns, como ve\u00edculos, viagem, moda e esporte, por exemplo. Nossos influenciadores s\u00e3o respons\u00e1veis por gerar essa conex\u00e3o. Nossa estrat\u00e9gia contempla conte\u00fado, entretenimento e conex\u00f5es culturais\u201d, afirmou o diretor de marketing do Ita\u00fa Unibanco, Eduardo Tracanella, na \u00e9poca do lan\u00e7amento da campanha com Hamilton. <\/p>\n<\/p><\/div>\n<div class=\"mc-column content-text active-extra-styles \" data-block-type=\"unstyled\" data-block-weight=\"7\">\n<p class=\" content-text__container \" data-track-category=\"Link no Texto\" data-track-links=\"\"> <strong>Budweiser promove show do Bruno Mars <\/strong> <\/p>\n<\/p><\/div>\n<div class=\"mc-column content-text active-extra-styles \" data-block-type=\"unstyled\" data-block-weight=\"46\">\n<p class=\" content-text__container \" data-track-category=\"Link no Texto\" data-track-links=\"\"> A Africa Creative tamb\u00e9m \u00e9 a respons\u00e1vel pela a\u00e7\u00e3o de<strong> Budweiser<\/strong> com Bruno Mars. A marca promove, em 1 de outubro, uma apresenta\u00e7\u00e3o do cantor, em sua turn\u00ea no Brasil, com o objetivo de angariar recursos para as v\u00edtimas das chuvas no Rio Grande do Sul. <\/p>\n<\/p><\/div>\n<div class=\"mc-column content-text active-extra-styles \" data-block-type=\"unstyled\" data-block-weight=\"97\">\n<p class=\" content-text__container \" data-track-category=\"Link no Texto\" data-track-links=\"\"> \u201c\u00c9 um match perfeito: de um lado, esse \u00edcone do pop internacional e um dos artistas mais aclamados da atualidade e, de outro lado, Budweiser, uma marca internacionalmente conhecida por sua liga\u00e7\u00e3o hist\u00f3rica com a m\u00fasica e sua ampla experi\u00eancia na promo\u00e7\u00e3o de festivais e astros do circuito musical. Essa \u00e9 uma oportunidade incr\u00edvel de se conectar com os f\u00e3s brasileiros de uma maneira genu\u00edna, aprofundando o v\u00ednculo por meio de iniciativas que v\u00e3o muito al\u00e9m do patroc\u00ednio e usam o poder da m\u00fasica para gerar impacto positivo\u201d, disse a diretora de marketing da Budweiser, Mariana Santos. <\/p>\n<\/p><\/div>\n<div class=\"row medium-uncollapsed content-media content-photo\" data-block-type=\"backstage-photo\">\n<div class=\"mc-column content-media__container\">\n<div class=\"content-media-container\">\n<figure class=\"content-media__figure\"> <img loading=\"lazy\" decoding=\"async\" class=\"content-media__image\" srcset=\"https:\/\/s2-valor.glbimg.com\/3xg9cw2peSm3EN_pelhKqC1rl_k=\/0x0:1200x628\/1000x0\/smart\/filters:strip_icc()\/i.s3.glbimg.com\/v1\/AUTH_63b422c2caee4269b8b34177e8876b93\/internal_photos\/bs\/2024\/m\/x\/AhYbx7QsSGOg3EjaFEvQ\/brunomars.png 1000w, https:\/\/s2-valor.glbimg.com\/4SiU7qtwqXWEWAvcUSGaHJFTM-w=\/0x0:1200x628\/984x0\/smart\/filters:strip_icc()\/i.s3.glbimg.com\/v1\/AUTH_63b422c2caee4269b8b34177e8876b93\/internal_photos\/bs\/2024\/m\/x\/AhYbx7QsSGOg3EjaFEvQ\/brunomars.png 984w, https:\/\/s2-valor.glbimg.com\/7ZDUe9BYSf8-TjtHQjNLDbjnuNk=\/0x0:1200x628\/640x0\/smart\/filters:strip_icc()\/i.s3.glbimg.com\/v1\/AUTH_63b422c2caee4269b8b34177e8876b93\/internal_photos\/bs\/2024\/m\/x\/AhYbx7QsSGOg3EjaFEvQ\/brunomars.png 640w, https:\/\/s2-valor.glbimg.com\/LhUH2zQPThNVijK2UEMlumy4sqk=\/0x0:1200x628\/600x0\/smart\/filters:strip_icc()\/i.s3.glbimg.com\/v1\/AUTH_63b422c2caee4269b8b34177e8876b93\/internal_photos\/bs\/2024\/m\/x\/AhYbx7QsSGOg3EjaFEvQ\/brunomars.png 600w\" src=\"https:\/\/s2-valor.glbimg.com\/4SiU7qtwqXWEWAvcUSGaHJFTM-w=\/0x0:1200x628\/984x0\/smart\/filters:strip_icc()\/i.s3.glbimg.com\/v1\/AUTH_63b422c2caee4269b8b34177e8876b93\/internal_photos\/bs\/2024\/m\/x\/AhYbx7QsSGOg3EjaFEvQ\/brunomars.png\" alt=\"Show do Bruno Mars patrocinado pela Budweiser acontece em 1 de outubro \u2014 Foto: Divulga\u00e7\u00e3o\" width=\"1200\" height=\"628\" loading=\"lazy\"\/><figcaption class=\"content-media__description\"> Show do Bruno Mars patrocinado pela Budweiser acontece em 1 de outubro \u2014 Foto: Divulga\u00e7\u00e3o <\/figcaption><\/figure>\n<\/p><\/div>\n<\/p><\/div>\n<\/p><\/div>\n<div class=\"mc-column content-text active-extra-styles \" data-block-type=\"unstyled\" data-block-weight=\"58\">\n<p class=\" content-text__container \" data-track-category=\"Link no Texto\" data-track-links=\"\"> A parceria foi anunciada pr\u00f3xima ao per\u00edodo em que a Ambev j\u00e1 vinha apoiando a popula\u00e7\u00e3o do Rio Grande do Sul em meio \u00e0s grandes enchentes que afetaram a regi\u00e3o. Por isso, segundo Santos, a marca entendeu que poderia elevar a conex\u00e3o do artista com o Brasil e convidou o astro para contribuir com uma causa local. <\/p>\n<\/p><\/div>\n<div class=\"mc-column content-text active-extra-styles \" data-block-type=\"unstyled\" data-block-weight=\"87\">\n<p class=\" content-text__container \" data-track-category=\"Link no Texto\" data-track-links=\"\"> \u201cA parceria com grandes artistas e eventos de m\u00fasica ajuda a Bud a fortalecer a percep\u00e7\u00e3o de marca global e a aproxima de seus f\u00e3s e, os f\u00e3s, de seus \u00eddolos. Para medir o sucesso das a\u00e7\u00f5es, a marca monitora redes sociais e mede o tamanho das conversas geradas a partir das ativa\u00e7\u00f5es. E, principalmente, busca escutar o p\u00fablico para entender se o que a marca est\u00e1 oferecendo se conecta, de fato, com aquilo que toca as pessoas, com seus desejos e aspira\u00e7\u00f5es\u201d, pontuou a diretora. <\/p>\n<\/p><\/div>\n<div class=\"mc-column content-text active-extra-styles \" data-block-type=\"unstyled\" data-block-weight=\"48\">\n<p class=\" content-text__container \" data-track-category=\"Link no Texto\" data-track-links=\"\"> A<strong> Vivo, marca da Telef\u00f4nica, <\/strong>tem um hist\u00f3rico de longa parceria com o tenista Rafael Nadal, iniciada em 2014. <a rel=\"nofollow noopener\" target=\"_blank\" class=\"\" href=\"https:\/\/www.youtube.com\/watch?v=-sbEkaQO3xM\">A \u00faltima publicidade entre a operadora telef\u00f4nica e o espanhol foi veiculada no fim de maio e abordou reflex\u00f5es sobre o futuro do planeta narradas pelo atleta. <\/a> <\/p>\n<\/p><\/div>\n<div class=\"mc-column content-text active-extra-styles \" data-block-type=\"unstyled\" data-block-weight=\"61\">\n<p class=\" content-text__container \" data-track-category=\"Link no Texto\" data-track-links=\"\"> \u201cRafael Nadal \u00e9 um verdadeiro s\u00edmbolo para a hist\u00f3ria do t\u00eanis mundial. E sendo parceiro da Vivo h\u00e1 tantos anos, existe uma rela\u00e7\u00e3o de confian\u00e7a e proximidade muito forte entre a marca e o atleta\u201d, salientou a Head de Neg\u00f3cios da <strong>GALERIA.ag. <\/strong>Ana Coutinho, em comunicado \u00e0 imprensa em novembro passado. A ag\u00eancia \u00e9 respons\u00e1vel por diversas campanhas da marca<strong> Telef\u00f4nica<\/strong>. <\/p>\n<\/p><\/div>\n<div class=\"mc-column content-text active-extra-styles \" data-block-type=\"unstyled\" data-block-weight=\"65\">\n<p class=\" content-text__container \" data-track-category=\"Link no Texto\" data-track-links=\"\"> Em fevereiro deste ano, o <strong>Nubank <\/strong>promoveu uma a\u00e7\u00e3o de marketing com o ator Leslie David Baker, conhecido pelo personagem Stanley na s\u00e9rie \u201cThe Office\u201d. <a rel=\"nofollow noopener\" target=\"_blank\" class=\"\" href=\"https:\/\/www.youtube.com\/watch?v=NPXDPygEQYs\">O astro protagonizou \u201cPlanos no Papel\u201d, um curta-metragem de sete minutos em que ele decide abrir um neg\u00f3cio no Brasil e passa a usar os servi\u00e7os do Nubank.<\/a> O projeto bateu todos os recordes em a\u00e7\u00f5es de marketing do banco. <\/p>\n<\/p><\/div>\n<div data-track-category=\"multicontent\" data-track-action=\"ultimo chunk conteudo\" data-track-noninteraction=\"false\" data-track-scroll=\"view\">\n<div class=\"mc-column content-text active-extra-styles \" data-block-type=\"unstyled\" data-block-weight=\"38\">\n<p class=\" content-text__container \" data-track-category=\"Link no Texto\" data-track-links=\"\"> \u201cForam mais de 18 milh\u00f5es de visualiza\u00e7\u00f5es e conseguimos passar de forma muito natural a mensagem sobre os nossos produtos. Isso \u00e9 utilizar o entretenimento de forma aut\u00eantica\u201d, destacou a diretora de marketing do Nubank, Isabela Abb\u00eas. <\/p>\n<\/p><\/div>\n<\/p><\/div>\n<\/p><\/div>\n<p><a href=\"https:\/\/valor.globo.com\/empresas\/marketing\/noticia\/2024\/07\/16\/por-que-celebridades-estrangeiras-estao-aparecendo-mais-em-campanhas-brasileiras.ghtml\">Fonte: valor.globo.com<\/a><\/p>\n","protected":false},"excerpt":{"rendered":"<p>O uso de celebridades internacionais pode n\u00e3o ser uma novidade na publicidade brasileira, mas continua a ser uma estrat\u00e9gia que, periodicamente, ressurge com for\u00e7a renovada. Marcas t\u00eam, nos \u00faltimos meses, recorrido a figuras ic\u00f4nicas como Will Smith, Madonna e Bruno Mars como embaixadoras de suas mensagens, aproveitando n\u00e3o apenas sua popularidade, como tamb\u00e9m a conex\u00e3o [&hellip;]<\/p>\n","protected":false},"author":1,"featured_media":7701,"comment_status":"open","ping_status":"open","sticky":false,"template":"","format":"standard","meta":{"fifu_image_url":"https:\/\/s2-valor.glbimg.com\/5cm6CnlOls0bC7zcJqYKfCcNJKM=\/1200x\/smart\/filters:cover():strip_icc()\/i.s3.glbimg.com\/v1\/AUTH_63b422c2caee4269b8b34177e8876b93\/internal_photos\/bs\/2024\/e\/A\/fyLKBiTE2G8wJ3pCHXRg\/whatsapp-image-2024-07-16-at-10.07.55.jpeg","fifu_image_alt":"","footnotes":""},"categories":[1300],"tags":[6340,3705,6337,4208,6338,138,6339,6336,165,2538,73,1946,6335],"class_list":{"0":"post-7700","1":"post","2":"type-post","3":"status-publish","4":"format-standard","5":"has-post-thumbnail","7":"category-economia","8":"tag-aparecendo","9":"tag-brasileiras","10":"tag-bruno-mars","11":"tag-campanhas","12":"tag-celebridades","13":"tag-estao","14":"tag-estrangeiras","15":"tag-madonna","16":"tag-mais","17":"tag-marketing","18":"tag-por","19":"tag-shopee","20":"tag-will-smith"},"_links":{"self":[{"href":"https:\/\/balancotocantins.com.br\/index.php?rest_route=\/wp\/v2\/posts\/7700","targetHints":{"allow":["GET"]}}],"collection":[{"href":"https:\/\/balancotocantins.com.br\/index.php?rest_route=\/wp\/v2\/posts"}],"about":[{"href":"https:\/\/balancotocantins.com.br\/index.php?rest_route=\/wp\/v2\/types\/post"}],"author":[{"embeddable":true,"href":"https:\/\/balancotocantins.com.br\/index.php?rest_route=\/wp\/v2\/users\/1"}],"replies":[{"embeddable":true,"href":"https:\/\/balancotocantins.com.br\/index.php?rest_route=%2Fwp%2Fv2%2Fcomments&post=7700"}],"version-history":[{"count":1,"href":"https:\/\/balancotocantins.com.br\/index.php?rest_route=\/wp\/v2\/posts\/7700\/revisions"}],"predecessor-version":[{"id":7702,"href":"https:\/\/balancotocantins.com.br\/index.php?rest_route=\/wp\/v2\/posts\/7700\/revisions\/7702"}],"wp:featuredmedia":[{"embeddable":true,"href":"https:\/\/balancotocantins.com.br\/index.php?rest_route=\/wp\/v2\/media\/7701"}],"wp:attachment":[{"href":"https:\/\/balancotocantins.com.br\/index.php?rest_route=%2Fwp%2Fv2%2Fmedia&parent=7700"}],"wp:term":[{"taxonomy":"category","embeddable":true,"href":"https:\/\/balancotocantins.com.br\/index.php?rest_route=%2Fwp%2Fv2%2Fcategories&post=7700"},{"taxonomy":"post_tag","embeddable":true,"href":"https:\/\/balancotocantins.com.br\/index.php?rest_route=%2Fwp%2Fv2%2Ftags&post=7700"}],"curies":[{"name":"wp","href":"https:\/\/api.w.org\/{rel}","templated":true}]}}