{"id":7932,"date":"2024-07-17T17:50:53","date_gmt":"2024-07-17T20:50:53","guid":{"rendered":"https:\/\/balancotocantins.com.br\/curativo-na-orelha-de-trump-vira-moda-entre-os-republicanos-mundo\/"},"modified":"2024-07-18T03:14:43","modified_gmt":"2024-07-18T06:14:43","slug":"curativo-na-orelha-de-trump-vira-moda-entre-os-republicanos-mundo","status":"publish","type":"post","link":"https:\/\/balancotocantins.com.br\/?p=7932","title":{"rendered":"Curativo na orelha de Trump vira moda entre os republicanos | Mundo"},"content":{"rendered":"<p><\/p>\n<div data-block-type=\"unstyled\" data-block-weight=\"46\">\n<p class=\" content-text__container theme-color-primary-first-letter\" data-track-category=\"Link no Texto\" data-track-links=\"\"> Na segunda noite da conven\u00e7\u00e3o do Partido Republicano nos Estados Unidos, uma tend\u00eancia que s\u00f3 pode acontecer na terra do MAGA, sigla em ingl\u00eas para o slogan &#8220;Fa\u00e7a a Am\u00e9rica Grande Novamente&#8221;, surgiu no sal\u00e3o da conven\u00e7\u00e3o: protetores de orelha em forma de curativo. <\/p>\n<\/p><\/div>\n<p><a href=\"https:\/\/valor.globo.com\/mundo\/noticia\/2024\/07\/17\/curativo-na-orelha-de-trump-vira-moda-entre-os-republicanos.ghtml\">Fonte: valor.globo.com<\/a><\/p>\n","protected":false},"excerpt":{"rendered":"<p>Na segunda noite da conven\u00e7\u00e3o do Partido Republicano nos Estados Unidos, uma tend\u00eancia que s\u00f3 pode acontecer na terra do MAGA, sigla em ingl\u00eas para o slogan &#8220;Fa\u00e7a a Am\u00e9rica Grande Novamente&#8221;, surgiu no sal\u00e3o da conven\u00e7\u00e3o: protetores de orelha em forma de curativo. Fonte: valor.globo.com<\/p>\n","protected":false},"author":1,"featured_media":7933,"comment_status":"open","ping_status":"open","sticky":false,"template":"","format":"standard","meta":{"fifu_image_url":"https:\/\/s2-valor.glbimg.com\/dVM29io9koGkca4qhy2dkjdij-c=\/1200x\/smart\/filters:cover():strip_icc()\/i.s3.glbimg.com\/v1\/AUTH_63b422c2caee4269b8b34177e8876b93\/internal_photos\/bs\/2024\/C\/B\/PVykQuTv6SPvxvA8loeQ\/2b49c0cf531c4515805510fbb568ba4a-0-28155fd6d4d0415e8e0ebbc8b135cf99.jpg","fifu_image_alt":"","footnotes":""},"categories":[1300],"tags":[6523,788,434,129,6524,6525,1926,4876],"class_list":{"0":"post-7932","1":"post","2":"type-post","3":"status-publish","4":"format-standard","5":"has-post-thumbnail","7":"category-economia","8":"tag-curativo","9":"tag-entre","10":"tag-moda","11":"tag-mundo","12":"tag-orelha","13":"tag-republicanos","14":"tag-trump","15":"tag-vira"},"_links":{"self":[{"href":"https:\/\/balancotocantins.com.br\/index.php?rest_route=\/wp\/v2\/posts\/7932","targetHints":{"allow":["GET"]}}],"collection":[{"href":"https:\/\/balancotocantins.com.br\/index.php?rest_route=\/wp\/v2\/posts"}],"about":[{"href":"https:\/\/balancotocantins.com.br\/index.php?rest_route=\/wp\/v2\/types\/post"}],"author":[{"embeddable":true,"href":"https:\/\/balancotocantins.com.br\/index.php?rest_route=\/wp\/v2\/users\/1"}],"replies":[{"embeddable":true,"href":"https:\/\/balancotocantins.com.br\/index.php?rest_route=%2Fwp%2Fv2%2Fcomments&post=7932"}],"version-history":[{"count":1,"href":"https:\/\/balancotocantins.com.br\/index.php?rest_route=\/wp\/v2\/posts\/7932\/revisions"}],"predecessor-version":[{"id":7934,"href":"https:\/\/balancotocantins.com.br\/index.php?rest_route=\/wp\/v2\/posts\/7932\/revisions\/7934"}],"wp:featuredmedia":[{"embeddable":true,"href":"https:\/\/balancotocantins.com.br\/index.php?rest_route=\/wp\/v2\/media\/7933"}],"wp:attachment":[{"href":"https:\/\/balancotocantins.com.br\/index.php?rest_route=%2Fwp%2Fv2%2Fmedia&parent=7932"}],"wp:term":[{"taxonomy":"category","embeddable":true,"href":"https:\/\/balancotocantins.com.br\/index.php?rest_route=%2Fwp%2Fv2%2Fcategories&post=7932"},{"taxonomy":"post_tag","embeddable":true,"href":"https:\/\/balancotocantins.com.br\/index.php?rest_route=%2Fwp%2Fv2%2Ftags&post=7932"}],"curies":[{"name":"wp","href":"https:\/\/api.w.org\/{rel}","templated":true}]}}