{"id":7956,"date":"2024-07-17T17:16:31","date_gmt":"2024-07-17T20:16:31","guid":{"rendered":"https:\/\/balancotocantins.com.br\/pt-ingressa-com-nova-acao-no-supremo-contra-privatizacao-da-sabesp-politica\/"},"modified":"2024-07-18T04:03:07","modified_gmt":"2024-07-18T07:03:07","slug":"pt-ingressa-com-nova-acao-no-supremo-contra-privatizacao-da-sabesp-politica","status":"publish","type":"post","link":"https:\/\/balancotocantins.com.br\/?p=7956","title":{"rendered":"PT ingressa com nova a\u00e7\u00e3o no Supremo contra privatiza\u00e7\u00e3o da Sabesp | Pol\u00edtica"},"content":{"rendered":"<p><\/p>\n<div>\n<div class=\"mc-column content-text active-extra-styles \" data-block-type=\"unstyled\" data-block-weight=\"57\">\n<p class=\" content-text__container \" data-track-category=\"Link no Texto\" data-track-links=\"\"> A nova a\u00e7\u00e3o pede a suspens\u00e3o imediata da lei que autorizou a desestatiza\u00e7\u00e3o da empresa e tamb\u00e9m de todos os atos praticados at\u00e9 ent\u00e3o para a concretizar a privatiza\u00e7\u00e3o, como a contrata\u00e7\u00e3o das institui\u00e7\u00f5es financeiras selecionadas para fazer a oferta de a\u00e7\u00f5es da empresa, a modelagem da aliena\u00e7\u00e3o, o cronograma e as altera\u00e7\u00f5es no estatuto social. <\/p>\n<\/p><\/div>\n<div class=\"mc-column content-text active-extra-styles \" data-block-type=\"unstyled\" data-block-weight=\"57\">\n<p class=\" content-text__container \" data-track-category=\"Link no Texto\" data-track-links=\"\"> A ofensiva judicial contra a privatiza\u00e7\u00e3o ocorre a poucos dias da liquida\u00e7\u00e3o da oferta de 15% das a\u00e7\u00f5es da companhia para a Equatorial Energia, prevista para o dia 22 de julho, de acordo com o cronograma oficial. A privatiza\u00e7\u00e3o da Sabesp \u00e9 uma das principais promessas de campanha do governador de S\u00e3o Paulo, Tarc\u00edsio de Freitas (Republicanos).<\/p>\n<\/p><\/div>\n<div class=\"mc-column content-text active-extra-styles \" data-block-type=\"unstyled\" data-block-weight=\"69\">\n<p class=\" content-text__container \" data-track-category=\"Link no Texto\" data-track-links=\"\"> Essa nova a\u00e7\u00e3o do PT (ADPF 1182) foi proposta poucos dias depois de outra com teor similar ajuizada por partidos de oposi\u00e7\u00e3o, incluindo o pr\u00f3prio PT. Nesta outra a\u00e7\u00e3o (ADPF 1180), os partidos pedem a suspens\u00e3o do cronograma da privatiza\u00e7\u00e3o e da lei do munic\u00edpio de S\u00e3o Paulo que autoriza o Poder Executivo a celebrar contratos e conv\u00eanios de presta\u00e7\u00e3o de servi\u00e7os de abastecimento de \u00e1gua e esgoto. <\/p>\n<\/p><\/div>\n<div class=\"mc-column content-text active-extra-styles \" data-block-type=\"unstyled\" data-block-weight=\"50\">\n<p class=\" content-text__container \" data-track-category=\"Link no Texto\" data-track-links=\"\"> H\u00e1 ainda uma terceira a\u00e7\u00e3o (ADI 7470) tamb\u00e9m movida pelo PT e PSol que questiona decreto estadual com impacto na privatiza\u00e7\u00e3o da Sabesp \u2013 a norma estabelece o peso decis\u00f3rio do Estado e dos munic\u00edpios nas Unidades Regionais de Servi\u00e7os de Abastecimento de \u00c1gua Pot\u00e1vel e Esgotamento Sanit\u00e1rio (URAEs). <\/p>\n<\/p><\/div>\n<div class=\"mc-column content-text active-extra-styles \" data-block-type=\"unstyled\" data-block-weight=\"38\">\n<p class=\" content-text__container \" data-track-category=\"Link no Texto\" data-track-links=\"\"> Na a\u00e7\u00e3o que questiona o cronograma e a lei municipal o relator \u00e9<strong> Cristiano Zanin<\/strong>, que tamb\u00e9m ficar\u00e1 com a relatoria da a\u00e7\u00e3o mais recente. <strong>Andr\u00e9 Mendon\u00e7a <\/strong>\u00e9 o relator do processo que questiona o decreto estadual. <\/p>\n<\/p><\/div>\n<div class=\"mc-column content-text active-extra-styles \" data-block-type=\"unstyled\" data-block-weight=\"54\">\n<p class=\" content-text__container \" data-track-category=\"Link no Texto\" data-track-links=\"\"> Zanin foi escolhido pelo crit\u00e9rio da preven\u00e7\u00e3o, uma vez que j\u00e1 \u00e9 relator de outra a\u00e7\u00e3o movida pelo PT e outros partidos de oposi\u00e7\u00e3o a Tarc\u00edsio que tamb\u00e9m questiona a privatiza\u00e7\u00e3o da Sabesp. A preven\u00e7\u00e3o \u00e9 um instituto jur\u00eddico em que a\u00e7\u00f5es com teor igual ficam com o mesmo relator para evitar solu\u00e7\u00f5es distintas.<\/p>\n<\/p><\/div>\n<div class=\"mc-column content-text active-extra-styles \" data-block-type=\"unstyled\" data-block-weight=\"35\">\n<p class=\" content-text__container \" data-track-category=\"Link no Texto\" data-track-links=\"\"> Na pe\u00e7a apresentada nesta quarta (17), o PT alega que a privatiza\u00e7\u00e3o viola o direito de acesso \u00e0 \u00e1gua e ao saneamento pois pode prejudicar a qualidade, a disponibilidade e discriminar popula\u00e7\u00f5es mais carentes. <\/p>\n<\/p><\/div>\n<div class=\"mc-column content-text active-extra-styles \" data-block-type=\"unstyled\" data-block-weight=\"39\">\n<p class=\" content-text__container \" data-track-category=\"Link no Texto\" data-track-links=\"\"> \u201cA obriga\u00e7\u00e3o do Estado vai al\u00e9m da simples provis\u00e3o de servi\u00e7os, e dessa vis\u00e3o simplista que poderia admitir sua concess\u00e3o, inclusive de forma a\u00e7odada e sem discuss\u00e3o com a sociedade da maneira como se vem conduzindo\u201d, diz o texto.<\/p>\n<\/p><\/div>\n<div class=\"mc-column content-text active-extra-styles \" data-block-type=\"unstyled\" data-block-weight=\"46\">\n<p class=\" content-text__container \" data-track-category=\"Link no Texto\" data-track-links=\"\"> \u201cPelo contr\u00e1rio, imp\u00f5e a formula\u00e7\u00e3o de pol\u00edticas p\u00fablicas eficazes, investimentos cont\u00ednuos em infraestrutura, regula\u00e7\u00e3o robusta e educa\u00e7\u00e3o ambiental. Esse conjunto de medidas visa garantir a dignidade humana, a sa\u00fade p\u00fablica e a sustentabilidade ambiental, assegurando que todos os cidad\u00e3os tenham acesso a esses direitos fundamentais\u201d, acrescenta. <\/p>\n<\/p><\/div>\n<div data-track-category=\"multicontent\" data-track-action=\"ultimo chunk conteudo\" data-track-noninteraction=\"false\" data-track-scroll=\"view\">\n<div class=\"row medium-uncollapsed content-media content-photo\" data-block-type=\"backstage-photo\">\n<div class=\"mc-column content-media__container\">\n<div class=\"content-media-container\">\n<figure class=\"content-media__figure\"><figcaption class=\"content-media__description\"> Parque da Sabesp, no Butant\u00e3, zona oeste de S\u00e3o Paulo \u2014 Foto: Rovena Rosa\/Ag\u00eancia Brasil <\/figcaption><\/figure>\n<\/p><\/div>\n<\/p><\/div>\n<\/p><\/div>\n<\/p><\/div>\n<\/p><\/div>\n<p><a href=\"https:\/\/valor.globo.com\/politica\/noticia\/2024\/07\/17\/pt-ingressa-com-nova-acao-no-supremo-contra-privatizacao-da-sabesp.ghtml\">Fonte: valor.globo.com<\/a><\/p>\n","protected":false},"excerpt":{"rendered":"<p>A nova a\u00e7\u00e3o pede a suspens\u00e3o imediata da lei que autorizou a desestatiza\u00e7\u00e3o da empresa e tamb\u00e9m de todos os atos praticados at\u00e9 ent\u00e3o para a concretizar a privatiza\u00e7\u00e3o, como a contrata\u00e7\u00e3o das institui\u00e7\u00f5es financeiras selecionadas para fazer a oferta de a\u00e7\u00f5es da empresa, a modelagem da aliena\u00e7\u00e3o, o cronograma e as altera\u00e7\u00f5es no estatuto [&hellip;]<\/p>\n","protected":false},"author":1,"featured_media":7957,"comment_status":"open","ping_status":"open","sticky":false,"template":"","format":"standard","meta":{"fifu_image_url":"https:\/\/s2-valor.glbimg.com\/1r1X_pT3uzWZ-jAx_aNXJvOKCe8=\/1200x\/smart\/filters:cover():strip_icc()\/i.s3.glbimg.com\/v1\/AUTH_63b422c2caee4269b8b34177e8876b93\/internal_photos\/bs\/2023\/A\/9\/F1J9TdQYuCtX4Q3xvg2w\/rvrsa-abr-200820121377.jpg","fifu_image_alt":"","footnotes":""},"categories":[1300],"tags":[1111,32,6548,6549,837,5689,5764,325,4510,4959,3374,1358,2931],"class_list":{"0":"post-7956","1":"post","2":"type-post","3":"status-publish","4":"format-standard","5":"has-post-thumbnail","7":"category-economia","8":"tag-acao","9":"tag-contra","10":"tag-equatorial-energia","11":"tag-ingressa","12":"tag-nova","13":"tag-oferta-publica-de-acoes","14":"tag-partido-dos-trabalhadores-pt","15":"tag-politica","16":"tag-privatizacao","17":"tag-sabesp","18":"tag-setor-financeiro","19":"tag-stf-supremo-tribunal-federal","20":"tag-supremo"},"_links":{"self":[{"href":"https:\/\/balancotocantins.com.br\/index.php?rest_route=\/wp\/v2\/posts\/7956","targetHints":{"allow":["GET"]}}],"collection":[{"href":"https:\/\/balancotocantins.com.br\/index.php?rest_route=\/wp\/v2\/posts"}],"about":[{"href":"https:\/\/balancotocantins.com.br\/index.php?rest_route=\/wp\/v2\/types\/post"}],"author":[{"embeddable":true,"href":"https:\/\/balancotocantins.com.br\/index.php?rest_route=\/wp\/v2\/users\/1"}],"replies":[{"embeddable":true,"href":"https:\/\/balancotocantins.com.br\/index.php?rest_route=%2Fwp%2Fv2%2Fcomments&post=7956"}],"version-history":[{"count":1,"href":"https:\/\/balancotocantins.com.br\/index.php?rest_route=\/wp\/v2\/posts\/7956\/revisions"}],"predecessor-version":[{"id":7958,"href":"https:\/\/balancotocantins.com.br\/index.php?rest_route=\/wp\/v2\/posts\/7956\/revisions\/7958"}],"wp:featuredmedia":[{"embeddable":true,"href":"https:\/\/balancotocantins.com.br\/index.php?rest_route=\/wp\/v2\/media\/7957"}],"wp:attachment":[{"href":"https:\/\/balancotocantins.com.br\/index.php?rest_route=%2Fwp%2Fv2%2Fmedia&parent=7956"}],"wp:term":[{"taxonomy":"category","embeddable":true,"href":"https:\/\/balancotocantins.com.br\/index.php?rest_route=%2Fwp%2Fv2%2Fcategories&post=7956"},{"taxonomy":"post_tag","embeddable":true,"href":"https:\/\/balancotocantins.com.br\/index.php?rest_route=%2Fwp%2Fv2%2Ftags&post=7956"}],"curies":[{"name":"wp","href":"https:\/\/api.w.org\/{rel}","templated":true}]}}