{"id":8052,"date":"2024-07-18T07:01:03","date_gmt":"2024-07-18T10:01:03","guid":{"rendered":"https:\/\/balancotocantins.com.br\/citi-impulsiona-futuro-de-empresas-familiares-com-programa-de-treinamento-citi\/"},"modified":"2024-07-18T07:18:46","modified_gmt":"2024-07-18T10:18:46","slug":"citi-impulsiona-futuro-de-empresas-familiares-com-programa-de-treinamento-citi","status":"publish","type":"post","link":"https:\/\/balancotocantins.com.br\/?p=8052","title":{"rendered":"Citi impulsiona futuro de empresas familiares com programa de treinamento | Citi"},"content":{"rendered":"<p><\/p>\n<div data-block-type=\"unstyled\" data-block-weight=\"47\">\n<p class=\" content-text__container theme-color-primary-first-letter\" data-track-category=\"Link no Texto\" data-track-links=\"\"> Apenas 30% das empresas familiares chegam \u00e0 3\u00aa gera\u00e7\u00e3o, e s\u00f3 15% sobrevivem, segundo <a rel=\"nofollow noopener\" target=\"_blank\" class=\"\" href=\"https:\/\/g1.globo.com\/sp\/sorocaba-jundiai\/nosso-campo\/noticia\/2024\/04\/14\/sucessao-no-agro-exige-planejamento-e-interesse-das-geracoes-mais-novas.ghtml\">an\u00e1lise<\/a> do <a rel=\"nofollow noopener\" target=\"_blank\" class=\"\" href=\"https:\/\/www.worldbank.org\/en\/search?q=Apenas+30%25+das+empresas+familiares+chegam+%C3%A0+3%C2%AA+gera%C3%A7%C3%A3o%2C+e+s%C3%B3+15%25+sobrevivem\">Banco Mundial<\/a>. Isso acontece porque, em geral, a maioria ainda desliza quando o assunto \u00e9 sucess\u00e3o, comprometendo a continuidade do neg\u00f3cio e consequentemente a economia e o mercado de trabalho. <\/p>\n<\/p><\/div>\n<div>\n<div class=\"mc-column content-text active-extra-styles \" data-block-type=\"unstyled\" data-block-weight=\"47\">\n<p class=\" content-text__container \" data-track-category=\"Link no Texto\" data-track-links=\"\"> Atento a esses dados e com uma gest\u00e3o pautada na escuta ativa e no relacionamento pr\u00f3ximo com os clientes, o Citi Brasil realiza, desde 2017, o Winter Training, programa de apoio \u00e0 sucess\u00e3o e \u00e0 gest\u00e3o de empresas familiares com faturamento a partir de R$ 250 milh\u00f5es. <\/p>\n<\/p><\/div>\n<div class=\"mc-column content-text active-extra-styles \" data-block-type=\"unstyled\" data-block-weight=\"41\">\n<p class=\" content-text__container \" data-track-category=\"Link no Texto\" data-track-links=\"\"> A iniciativa surgiu a partir de uma provoca\u00e7\u00e3o dos pr\u00f3prios clientes. \u201cMuitos relataram o desafio de formar sucessores e a aus\u00eancia de um treinamento externo mais customizado\u201d, explica Andr\u00e9 Cury, head do Citi Commercial Bank para o Brasil e Am\u00e9rica Latina. <\/p>\n<\/p><\/div>\n<div class=\"mc-column content-text active-extra-styles \" data-block-type=\"unstyled\" data-block-weight=\"57\">\n<p class=\" content-text__container \" data-track-category=\"Link no Texto\" data-track-links=\"\"> Segundo Cury, a ideia est\u00e1 alinhada com a miss\u00e3o do banco, que \u00e9 fomentar o progresso nas economias em que est\u00e1 presente. \u201cA partir do momento em que as empresas crescem, geram progresso econ\u00f4mico e impacto social nas comunidades em que atuam. E queremos estar perto dos clientes ao longo dessa jornada e das diferentes gera\u00e7\u00f5es\u201d, diz. <\/p>\n<\/p><\/div>\n<div class=\"row medium-uncollapsed content-media content-photo\" data-block-type=\"backstage-photo\">\n<div class=\"mc-column content-media__container\">\n<div class=\"content-media-container\">\n<figure class=\"content-media__figure\"><figcaption class=\"content-media__description\"> Andr\u00e9 Cury, head do Citi Commercial Bank para o Brasil e Am\u00e9rica Latina \u2014 Foto: Divulga\u00e7\u00e3o <\/figcaption><\/figure>\n<\/p><\/div>\n<\/p><\/div>\n<\/p><\/div>\n<div class=\"mc-column content-text active-extra-styles \" data-block-type=\"unstyled\" data-block-weight=\"29\">\n<p class=\" content-text__container \" data-track-category=\"Link no Texto\" data-track-links=\"\"> O programa ganhou um refor\u00e7o de peso em 2019 com a parceria da Cambridge Family Enterprise Group (CFEG), consultoria global especializada na cria\u00e7\u00e3o de valor para fam\u00edlias empres\u00e1rias. <\/p>\n<\/p><\/div>\n<div class=\"mc-column content-text active-extra-styles \" data-block-type=\"unstyled\" data-block-weight=\"64\">\n<p class=\" content-text__container \" data-track-category=\"Link no Texto\" data-track-links=\"\"> A grade conta com temas como a import\u00e2ncia da sucess\u00e3o e da governan\u00e7a, prote\u00e7\u00e3o patrimonial e aloca\u00e7\u00e3o de recursos, tendo em vista as demandas e tend\u00eancias de cada ano, como ESG, que ganhou relev\u00e2ncia no cen\u00e1rio corporativo global. No conjunto, o curso oferece ferramentas que ajudam tanto sucessores com papel executivo na companhia como aqueles que preferem atuar no neg\u00f3cio familiar integrando o Conselho. <\/p>\n<\/p><\/div>\n<div class=\"mc-column content-text active-extra-styles \" data-block-type=\"unstyled\" data-block-weight=\"68\">\n<p class=\" content-text__container \" data-track-category=\"Link no Texto\" data-track-links=\"\"> \u201cSaio do curso mais experiente, com maior vis\u00e3o de mundo e empolgado para contribuir melhor com a companhia\u201d, afirma o mineiro Walchir Ara\u00fajo, de 27 anos. Formado em Medicina Veterin\u00e1ria e atualmente gestor de Riscos Financeiros da Avivar Alimentos, do segmento de avicultura, Ara\u00fajo faz parte da segunda gera\u00e7\u00e3o da fam\u00edlia e refor\u00e7a a import\u00e2ncia do programa para entender quest\u00f5es patrimoniais e o bom relacionamento entre as gera\u00e7\u00f5es. <\/p>\n<\/p><\/div>\n<div class=\"mc-column content-text active-extra-styles \" data-block-type=\"unstyled\" data-block-weight=\"66\">\n<p class=\" content-text__container \" data-track-category=\"Link no Texto\" data-track-links=\"\"> Um ponto de destaque do programa \u00e9 a possibilidade de networking e parcerias de neg\u00f3cios entre os participantes. O intuito \u00e9 suprir as demandas dos clientes de ponta a ponta. De um lado, os speakers mostram os processos e a\u00e7\u00f5es importantes para a continuidade das empresas e, de outro, h\u00e1 a possibilidade de imers\u00e3o de uma semana com profissionais de diferentes \u00e1reas e regi\u00f5es. <\/p>\n<\/p><\/div>\n<div class=\"mc-column content-text active-extra-styles \" data-block-type=\"unstyled\" data-block-weight=\"60\">\n<p class=\" content-text__container \" data-track-category=\"Link no Texto\" data-track-links=\"\"> \u201cOs participantes entendem melhor de que forma as empresas se conectam\u201d, ressalta Cury. \u00c9 o caso de Paola Coser Magnani, de 30 anos, participante deste ano. Natural de Porto Alegre, ela foi envolvida desde cedo nos neg\u00f3cios familiares na AC Holding, controladora de restaurantes como NB Steak e Maremonti, e atualmente faz parte do Conselho de Administra\u00e7\u00e3o do grupo. <\/p>\n<\/p><\/div>\n<div class=\"mc-column content-text active-extra-styles \" data-block-type=\"unstyled\" data-block-weight=\"54\">\n<p class=\" content-text__container \" data-track-category=\"Link no Texto\" data-track-links=\"\"> Paola iniciou na \u00e1rea operacional para entender e conhecer o neg\u00f3cio e hoje participa ativamente das decis\u00f5es. \u201cAl\u00e9m de todo o suporte para a gest\u00e3o da empresa, o curso proporciona um mix de culturas, com pessoas de todo o Brasil e de diferentes segmentos. \u00c9 uma porta que se abre para novos neg\u00f3cios\u201d, afirma. <\/p>\n<\/p><\/div>\n<div class=\"mc-column content-text active-extra-styles \" data-block-type=\"unstyled\" data-block-weight=\"20\">\n<p class=\" content-text__container \" data-track-category=\"Link no Texto\" data-track-links=\"\"> Para as pr\u00f3ximas edi\u00e7\u00f5es, Cury adianta que est\u00e1 prevista uma imers\u00e3o em Nova York. O curso \u00e9 exclusivo para clientes. <\/p>\n<\/p><\/div>\n<div data-track-category=\"multicontent\" data-track-action=\"ultimo chunk conteudo\" data-track-noninteraction=\"false\" data-track-scroll=\"view\">\n<div class=\"row medium-uncollapsed content-media content-photo\" data-block-type=\"backstage-photo\">\n<div class=\"mc-column content-media__container\">\n<div class=\"content-media-container\">\n<figure class=\"content-media__figure\"> <img loading=\"lazy\" decoding=\"async\" class=\"content-media__image\" srcset=\"https:\/\/s2-valor.glbimg.com\/hfhvArwIOWm8jQOFclykGZPjIrc=\/0x0:187x410\/1000x0\/smart\/filters:strip_icc()\/i.s3.glbimg.com\/v1\/AUTH_63b422c2caee4269b8b34177e8876b93\/internal_photos\/bs\/2024\/o\/Z\/Pyxg9pS5OBODkVhNk0RQ\/raio-x-fotor-20240717123233.png 1000w, https:\/\/s2-valor.glbimg.com\/AhU3Q763rX25z6xPi-4wbGgcs5A=\/0x0:187x410\/984x0\/smart\/filters:strip_icc()\/i.s3.glbimg.com\/v1\/AUTH_63b422c2caee4269b8b34177e8876b93\/internal_photos\/bs\/2024\/o\/Z\/Pyxg9pS5OBODkVhNk0RQ\/raio-x-fotor-20240717123233.png 984w, https:\/\/s2-valor.glbimg.com\/3SOpAbfJiaLNueJPVvoIvyppL-o=\/0x0:187x410\/640x0\/smart\/filters:strip_icc()\/i.s3.glbimg.com\/v1\/AUTH_63b422c2caee4269b8b34177e8876b93\/internal_photos\/bs\/2024\/o\/Z\/Pyxg9pS5OBODkVhNk0RQ\/raio-x-fotor-20240717123233.png 640w, https:\/\/s2-valor.glbimg.com\/GfQiBOXsjrp0xfiEkWAMusXiLa4=\/0x0:187x410\/600x0\/smart\/filters:strip_icc()\/i.s3.glbimg.com\/v1\/AUTH_63b422c2caee4269b8b34177e8876b93\/internal_photos\/bs\/2024\/o\/Z\/Pyxg9pS5OBODkVhNk0RQ\/raio-x-fotor-20240717123233.png 600w\" src=\"https:\/\/s2-valor.glbimg.com\/AhU3Q763rX25z6xPi-4wbGgcs5A=\/0x0:187x410\/984x0\/smart\/filters:strip_icc()\/i.s3.glbimg.com\/v1\/AUTH_63b422c2caee4269b8b34177e8876b93\/internal_photos\/bs\/2024\/o\/Z\/Pyxg9pS5OBODkVhNk0RQ\/raio-x-fotor-20240717123233.png\" alt=\"Raio-X do Winter Trainning \u2014 Foto: Arte\/GLAB\" width=\"187\" height=\"410\" loading=\"lazy\"\/><figcaption class=\"content-media__description\"> Raio-X do Winter Trainning \u2014 Foto: Arte\/GLAB <\/figcaption><\/figure>\n<\/p><\/div>\n<\/p><\/div>\n<\/p><\/div>\n<\/p><\/div>\n<\/p><\/div>\n<p><a href=\"https:\/\/valor.globo.com\/conteudo-de-marca\/citi\/noticia\/2024\/07\/18\/citi-impulsiona-futuro-de-empresas-familiares-com-programa-de-treinamento.ghtml\">Fonte: valor.globo.com<\/a><\/p>\n","protected":false},"excerpt":{"rendered":"<p>Apenas 30% das empresas familiares chegam \u00e0 3\u00aa gera\u00e7\u00e3o, e s\u00f3 15% sobrevivem, segundo an\u00e1lise do Banco Mundial. Isso acontece porque, em geral, a maioria ainda desliza quando o assunto \u00e9 sucess\u00e3o, comprometendo a continuidade do neg\u00f3cio e consequentemente a economia e o mercado de trabalho. Atento a esses dados e com uma gest\u00e3o pautada [&hellip;]<\/p>\n","protected":false},"author":1,"featured_media":8053,"comment_status":"open","ping_status":"open","sticky":false,"template":"","format":"standard","meta":{"fifu_image_url":"https:\/\/s2-valor.glbimg.com\/Ywypre2zosoTxN3AtUQJGZ7fD9U=\/1200x\/smart\/filters:cover():strip_icc()\/i.s3.glbimg.com\/v1\/AUTH_63b422c2caee4269b8b34177e8876b93\/internal_photos\/bs\/2024\/3\/J\/s8cq9QRwWWGdngAaqFxA\/wt.jpg","fifu_image_alt":"","footnotes":""},"categories":[1300],"tags":[6651,574,5519,3272,2497,1086,6652],"class_list":{"0":"post-8052","1":"post","2":"type-post","3":"status-publish","4":"format-standard","5":"has-post-thumbnail","7":"category-economia","8":"tag-citi","9":"tag-empresas","10":"tag-familiares","11":"tag-futuro","12":"tag-impulsiona","13":"tag-programa","14":"tag-treinamento"},"_links":{"self":[{"href":"https:\/\/balancotocantins.com.br\/index.php?rest_route=\/wp\/v2\/posts\/8052","targetHints":{"allow":["GET"]}}],"collection":[{"href":"https:\/\/balancotocantins.com.br\/index.php?rest_route=\/wp\/v2\/posts"}],"about":[{"href":"https:\/\/balancotocantins.com.br\/index.php?rest_route=\/wp\/v2\/types\/post"}],"author":[{"embeddable":true,"href":"https:\/\/balancotocantins.com.br\/index.php?rest_route=\/wp\/v2\/users\/1"}],"replies":[{"embeddable":true,"href":"https:\/\/balancotocantins.com.br\/index.php?rest_route=%2Fwp%2Fv2%2Fcomments&post=8052"}],"version-history":[{"count":1,"href":"https:\/\/balancotocantins.com.br\/index.php?rest_route=\/wp\/v2\/posts\/8052\/revisions"}],"predecessor-version":[{"id":8054,"href":"https:\/\/balancotocantins.com.br\/index.php?rest_route=\/wp\/v2\/posts\/8052\/revisions\/8054"}],"wp:featuredmedia":[{"embeddable":true,"href":"https:\/\/balancotocantins.com.br\/index.php?rest_route=\/wp\/v2\/media\/8053"}],"wp:attachment":[{"href":"https:\/\/balancotocantins.com.br\/index.php?rest_route=%2Fwp%2Fv2%2Fmedia&parent=8052"}],"wp:term":[{"taxonomy":"category","embeddable":true,"href":"https:\/\/balancotocantins.com.br\/index.php?rest_route=%2Fwp%2Fv2%2Fcategories&post=8052"},{"taxonomy":"post_tag","embeddable":true,"href":"https:\/\/balancotocantins.com.br\/index.php?rest_route=%2Fwp%2Fv2%2Ftags&post=8052"}],"curies":[{"name":"wp","href":"https:\/\/api.w.org\/{rel}","templated":true}]}}