{"id":8139,"date":"2024-07-22T09:29:09","date_gmt":"2024-07-22T12:29:09","guid":{"rendered":"https:\/\/balancotocantins.com.br\/dolar-recua-de-olho-no-exterior-e-em-relatorio-de-receitas-e-despesas-financas\/"},"modified":"2024-07-22T09:41:50","modified_gmt":"2024-07-22T12:41:50","slug":"dolar-recua-de-olho-no-exterior-e-em-relatorio-de-receitas-e-despesas-financas","status":"publish","type":"post","link":"https:\/\/balancotocantins.com.br\/?p=8139","title":{"rendered":"D\u00f3lar recua de olho no exterior e em relat\u00f3rio de receitas e despesas | Finan\u00e7as"},"content":{"rendered":"<p><\/p>\n<div data-block-type=\"unstyled\" data-block-weight=\"40\">\n<p class=\" content-text__container \" data-track-category=\"Link no Texto\" data-track-links=\"\"> Vale ressaltar que o real desvalorizou mais de 2% na semana passada e o d\u00f3lar voltou ao patamar de R$ 5,60 depois de mais de duas semanas. A sess\u00e3o de hoje, portanto, pode apresentar algum al\u00edvio para a moeda brasileira.<\/p>\n<\/p><\/div>\n<div data-block-type=\"unstyled\" data-block-weight=\"36\">\n<p class=\" content-text__container \" data-track-category=\"Link no Texto\" data-track-links=\"\"> Por volta de 9h20, o d\u00f3lar \u00e0 vista recuava 0,31%, a R$ 5,5865, ap\u00f3s tocar a m\u00e1xima intradi\u00e1ria de R$ 5,6106 e a m\u00ednima de R$ 5,5845. J\u00e1 o euro comercial cedia 0,25%, a R$ 6,0816.<\/p>\n<\/p><\/div>\n<div data-track-category=\"multicontent\" data-track-action=\"ultimo chunk conteudo\" data-track-noninteraction=\"false\" data-track-scroll=\"view\">\n<div class=\"mc-column content-text active-extra-styles \" data-block-type=\"unstyled\" data-block-weight=\"48\">\n<p class=\" content-text__container \" data-track-category=\"Link no Texto\" data-track-links=\"\"> No exterior, o \u00edndice DXY \u2014 que mede o d\u00f3lar ante seis pares \u2014 recuava 0,11%, a 104,28 pontos. Contra emergentes, a moeda americana exibia leve queda de 0,08% ante o peso mexicano; subia 0,12% contra o peso chileno; e recuava 0,04% no confronto com o rand sul-africano.<\/p>\n<\/p><\/div>\n<\/p><\/div>\n<p><a href=\"https:\/\/valor.globo.com\/financas\/noticia\/2024\/07\/22\/dolar-recua-de-olho-no-exterior-e-em-relatorio-de-receitas-e-despesas.ghtml\">Fonte: valor.globo.com<\/a><\/p>\n","protected":false},"excerpt":{"rendered":"<p>Vale ressaltar que o real desvalorizou mais de 2% na semana passada e o d\u00f3lar voltou ao patamar de R$ 5,60 depois de mais de duas semanas. A sess\u00e3o de hoje, portanto, pode apresentar algum al\u00edvio para a moeda brasileira. Por volta de 9h20, o d\u00f3lar \u00e0 vista recuava 0,31%, a R$ 5,5865, ap\u00f3s tocar [&hellip;]<\/p>\n","protected":false},"author":1,"featured_media":8140,"comment_status":"open","ping_status":"open","sticky":false,"template":"","format":"standard","meta":{"fifu_image_url":"https:\/\/s2-valor.glbimg.com\/wTwWr7MxMKT_XId0hgECNwmomH0=\/1200x\/smart\/filters:cover():strip_icc()\/i.s3.glbimg.com\/v1\/AUTH_63b422c2caee4269b8b34177e8876b93\/internal_photos\/bs\/2021\/k\/T\/97jv7eTI6PEo9CGrOu7w\/pexels-john-guccione-wwwadvergroupcom-3531895.jpg","fifu_image_alt":"","footnotes":""},"categories":[1300],"tags":[6709,303,3188,1439,1339,2666,3906,1175,1663,1442,5542,1412,4202,2481,1758,4186],"class_list":{"0":"post-8139","1":"post","2":"type-post","3":"status-publish","4":"format-standard","5":"has-post-thumbnail","7":"category-economia","8":"tag-banco-central-da-china","9":"tag-brasil","10":"tag-despesas","11":"tag-dolar","12":"tag-estados-unidos","13":"tag-euro","14":"tag-exterior","15":"tag-financas","16":"tag-joe-biden","17":"tag-mercado-de-cambio","18":"tag-olho","19":"tag-receitas","20":"tag-recua","21":"tag-reeleicao","22":"tag-relatorio","23":"tag-teto-de-gastos"},"_links":{"self":[{"href":"https:\/\/balancotocantins.com.br\/index.php?rest_route=\/wp\/v2\/posts\/8139","targetHints":{"allow":["GET"]}}],"collection":[{"href":"https:\/\/balancotocantins.com.br\/index.php?rest_route=\/wp\/v2\/posts"}],"about":[{"href":"https:\/\/balancotocantins.com.br\/index.php?rest_route=\/wp\/v2\/types\/post"}],"author":[{"embeddable":true,"href":"https:\/\/balancotocantins.com.br\/index.php?rest_route=\/wp\/v2\/users\/1"}],"replies":[{"embeddable":true,"href":"https:\/\/balancotocantins.com.br\/index.php?rest_route=%2Fwp%2Fv2%2Fcomments&post=8139"}],"version-history":[{"count":1,"href":"https:\/\/balancotocantins.com.br\/index.php?rest_route=\/wp\/v2\/posts\/8139\/revisions"}],"predecessor-version":[{"id":8141,"href":"https:\/\/balancotocantins.com.br\/index.php?rest_route=\/wp\/v2\/posts\/8139\/revisions\/8141"}],"wp:featuredmedia":[{"embeddable":true,"href":"https:\/\/balancotocantins.com.br\/index.php?rest_route=\/wp\/v2\/media\/8140"}],"wp:attachment":[{"href":"https:\/\/balancotocantins.com.br\/index.php?rest_route=%2Fwp%2Fv2%2Fmedia&parent=8139"}],"wp:term":[{"taxonomy":"category","embeddable":true,"href":"https:\/\/balancotocantins.com.br\/index.php?rest_route=%2Fwp%2Fv2%2Fcategories&post=8139"},{"taxonomy":"post_tag","embeddable":true,"href":"https:\/\/balancotocantins.com.br\/index.php?rest_route=%2Fwp%2Fv2%2Ftags&post=8139"}],"curies":[{"name":"wp","href":"https:\/\/api.w.org\/{rel}","templated":true}]}}