{"id":8145,"date":"2024-07-22T14:53:16","date_gmt":"2024-07-22T17:53:16","guid":{"rendered":"https:\/\/balancotocantins.com.br\/nancy-pelosi-apoia-publicamente-candidatura-de-kamala-harris-mundo\/"},"modified":"2024-07-22T15:12:35","modified_gmt":"2024-07-22T18:12:35","slug":"nancy-pelosi-apoia-publicamente-candidatura-de-kamala-harris-mundo","status":"publish","type":"post","link":"https:\/\/balancotocantins.com.br\/?p=8145","title":{"rendered":"Nancy Pelosi apoia publicamente candidatura de Kamala Harris | Mundo"},"content":{"rendered":"<p><\/p>\n<div data-block-type=\"unstyled\" data-block-weight=\"45\">\n<p class=\" content-text__container \" data-track-category=\"Link no Texto\" data-track-links=\"\"> &#8220;Meu apoio entusi\u00e1stico a Kamala Harris para presidente \u00e9 oficial, pessoal e pol\u00edtico&#8221;, disse Pelosi em um comunicado. &#8220;Politicamente, n\u00e3o se engane: Kamala Harris como mulher na pol\u00edtica \u00e9 brilhantemente astuta &#8211; e tenho plena confian\u00e7a de que ela nos levar\u00e1 \u00e0 vit\u00f3ria em novembro.&#8221;<\/p>\n<\/p><\/div>\n<div data-block-type=\"unstyled\" data-block-weight=\"27\">\n<p class=\" content-text__container \" data-track-category=\"Link no Texto\" data-track-links=\"\"> A declara\u00e7\u00e3o de Pelosi segue outras demonstra\u00e7\u00f5es de apoio de nomes influentes no partido, incluindo o do pr\u00f3prio Biden e tamb\u00e9m do casal Hillary e Bill Clinton.<\/p>\n<\/p><\/div>\n<div data-block-type=\"unstyled\" data-block-weight=\"27\">\n<p class=\" content-text__container \" data-track-category=\"Link no Texto\" data-track-links=\"\"> A situa\u00e7\u00e3o da poss\u00edvel candidatura de Harris come\u00e7ou a avan\u00e7ar hoje ap\u00f3s representantes de todos os comit\u00eas estaduais democratas terem declarado apoio \u00e0 candidatura da vice-presidente. <\/p>\n<\/p><\/div>\n<p><a href=\"https:\/\/valor.globo.com\/mundo\/noticia\/2024\/07\/22\/nancy-pelosi-apoia-publicamente-candidatura-de-kamala-harris.ghtml\">Fonte: valor.globo.com<\/a><\/p>\n","protected":false},"excerpt":{"rendered":"<p>&#8220;Meu apoio entusi\u00e1stico a Kamala Harris para presidente \u00e9 oficial, pessoal e pol\u00edtico&#8221;, disse Pelosi em um comunicado. &#8220;Politicamente, n\u00e3o se engane: Kamala Harris como mulher na pol\u00edtica \u00e9 brilhantemente astuta &#8211; e tenho plena confian\u00e7a de que ela nos levar\u00e1 \u00e0 vit\u00f3ria em novembro.&#8221; A declara\u00e7\u00e3o de Pelosi segue outras demonstra\u00e7\u00f5es de apoio de [&hellip;]<\/p>\n","protected":false},"author":1,"featured_media":8146,"comment_status":"open","ping_status":"open","sticky":false,"template":"","format":"standard","meta":{"fifu_image_url":"https:\/\/s2-valor.glbimg.com\/sA6LIljhka0WGhJBb-Cx9eHg_s4=\/1200x\/smart\/filters:cover():strip_icc()\/i.s3.glbimg.com\/v1\/AUTH_63b422c2caee4269b8b34177e8876b93\/internal_photos\/bs\/2022\/i\/7\/yZL4FxQcqckQ4tgG7m9A\/65c9a1af8c774255943284a778f77fd6-ee1be.jpg","fifu_image_alt":"","footnotes":""},"categories":[1300],"tags":[4919,6711,5028,6714,3203,6299,1663,6715,1619,129,6712,6710,6713,3341],"class_list":{"0":"post-8145","1":"post","2":"type-post","3":"status-publish","4":"format-standard","5":"has-post-thumbnail","7":"category-economia","8":"tag-apoia","9":"tag-bill-clinton","10":"tag-camara-dos-deputados","11":"tag-candidatura","12":"tag-casa-branca","13":"tag-harris","14":"tag-joe-biden","15":"tag-kamala","16":"tag-kamala-harris","17":"tag-mundo","18":"tag-nancy","19":"tag-nancy-pelosi","20":"tag-pelosi","21":"tag-publicamente"},"_links":{"self":[{"href":"https:\/\/balancotocantins.com.br\/index.php?rest_route=\/wp\/v2\/posts\/8145","targetHints":{"allow":["GET"]}}],"collection":[{"href":"https:\/\/balancotocantins.com.br\/index.php?rest_route=\/wp\/v2\/posts"}],"about":[{"href":"https:\/\/balancotocantins.com.br\/index.php?rest_route=\/wp\/v2\/types\/post"}],"author":[{"embeddable":true,"href":"https:\/\/balancotocantins.com.br\/index.php?rest_route=\/wp\/v2\/users\/1"}],"replies":[{"embeddable":true,"href":"https:\/\/balancotocantins.com.br\/index.php?rest_route=%2Fwp%2Fv2%2Fcomments&post=8145"}],"version-history":[{"count":1,"href":"https:\/\/balancotocantins.com.br\/index.php?rest_route=\/wp\/v2\/posts\/8145\/revisions"}],"predecessor-version":[{"id":8147,"href":"https:\/\/balancotocantins.com.br\/index.php?rest_route=\/wp\/v2\/posts\/8145\/revisions\/8147"}],"wp:featuredmedia":[{"embeddable":true,"href":"https:\/\/balancotocantins.com.br\/index.php?rest_route=\/wp\/v2\/media\/8146"}],"wp:attachment":[{"href":"https:\/\/balancotocantins.com.br\/index.php?rest_route=%2Fwp%2Fv2%2Fmedia&parent=8145"}],"wp:term":[{"taxonomy":"category","embeddable":true,"href":"https:\/\/balancotocantins.com.br\/index.php?rest_route=%2Fwp%2Fv2%2Fcategories&post=8145"},{"taxonomy":"post_tag","embeddable":true,"href":"https:\/\/balancotocantins.com.br\/index.php?rest_route=%2Fwp%2Fv2%2Ftags&post=8145"}],"curies":[{"name":"wp","href":"https:\/\/api.w.org\/{rel}","templated":true}]}}