{"id":8373,"date":"2024-07-24T19:54:53","date_gmt":"2024-07-24T22:54:53","guid":{"rendered":"https:\/\/balancotocantins.com.br\/populacao-estrangeira-no-japao-ultrapassa-3-milhoes-pela-primeira-vez-mundo\/"},"modified":"2024-07-24T20:58:10","modified_gmt":"2024-07-24T23:58:10","slug":"populacao-estrangeira-no-japao-ultrapassa-3-milhoes-pela-primeira-vez-mundo","status":"publish","type":"post","link":"https:\/\/balancotocantins.com.br\/?p=8373","title":{"rendered":"Popula\u00e7\u00e3o estrangeira no Jap\u00e3o ultrapassa 3 milh\u00f5es pela primeira vez | Mundo"},"content":{"rendered":"<p><\/p>\n<div data-block-type=\"unstyled\" data-block-weight=\"27\">\n<p class=\" content-text__container theme-color-primary-first-letter\" data-track-category=\"Link no Texto\" data-track-links=\"\"> O <strong>Jap\u00e3o <\/strong>registrou pela primeira vez mais de <strong>3 milh\u00f5es<\/strong> de residentes <strong>estrangeiros<\/strong>, representando 2,66% da popula\u00e7\u00e3o total, de acordo com dados governamentais divulgados nesta quarta-feira (24).<\/p>\n<\/p><\/div>\n<div>\n<div class=\"mc-column content-text active-extra-styles \" data-block-type=\"unstyled\" data-block-weight=\"68\">\n<p class=\" content-text__container \" data-track-category=\"Link no Texto\" data-track-links=\"\"> As mesmas estat\u00edsticas mostraram que o n\u00famero de <strong>cidad\u00e3os japoneses diminuiu<\/strong> no ano passado em todas as regi\u00f5es, exceto em <strong>T\u00f3quio<\/strong>. Isso ocorre \u00e0 medida que a <strong>popula\u00e7\u00e3o envelhecida <\/strong>do Jap\u00e3o registrou uma taxa <strong>recorde <\/strong>de<strong> baixa fertilidade <\/strong>de 1,2 crian\u00e7as por mulher em 2023, conforme dados divulgados no m\u00eas passado, aumentando a press\u00e3o sobre o governo para atrair mais m\u00e3o de obra estrangeira para sustentar a economia.<\/p>\n<\/p><\/div>\n<div class=\"mc-column content-text active-extra-styles \" data-block-type=\"unstyled\" data-block-weight=\"54\">\n<p class=\" content-text__container \" data-track-category=\"Link no Texto\" data-track-links=\"\"> <span class=\"highlight\">O n\u00famero de estrangeiros com resid\u00eancia no Jap\u00e3o era de 3,32 milh\u00f5es at\u00e9 1\u00ba de janeiro, um aumento de 11% em rela\u00e7\u00e3o ao ano anterior<\/span>. Este foi o maior aumento anual registrado e o maior total desde que os registros come\u00e7aram em 2013, de acordo com dados do Minist\u00e9rio dos Assuntos Internos e Comunica\u00e7\u00f5es.<\/p>\n<\/p><\/div>\n<div class=\"mc-column content-text active-extra-styles \" data-block-type=\"unstyled\" data-block-weight=\"45\">\n<p class=\" content-text__container \" data-track-category=\"Link no Texto\" data-track-links=\"\"> Assim como em 2022, todas as 47 prefeituras viram um aumento em suas popula\u00e7\u00f5es estrangeiras em 2023, com T\u00f3quio e <strong>Osaka <\/strong>registrando os maiores aumentos em ambos os anos. Na capital, os estrangeiros representavam quase 4,7% da popula\u00e7\u00e3o total em janeiro, segundo os novos n\u00fameros.<\/p>\n<\/p><\/div>\n<div class=\"mc-column content-text active-extra-styles \" data-block-type=\"unstyled\" data-block-weight=\"31\">\n<p class=\" content-text__container \" data-track-category=\"Link no Texto\" data-track-links=\"\"> Os <strong>vietnamitas <\/strong>formam o maior grupo de trabalhadores estrangeiros no Jap\u00e3o, cerca de 25%, seguidos por <strong>chineses <\/strong>e <strong>filipinos<\/strong>, segundo estat\u00edsticas divulgadas em 2023 pelo Minist\u00e9rio da Sa\u00fade, Trabalho e Bem-Estar.<\/p>\n<\/p><\/div>\n<div class=\"mc-column content-text active-extra-styles\" data-block-type=\"raw\" data-block-weight=\"5\">\n<p><h2>Popula\u00e7\u00e3o de cidad\u00e3os japoneses cai<\/h2>\n<\/p><\/div>\n<div class=\"mc-column content-text active-extra-styles \" data-block-type=\"unstyled\" data-block-weight=\"57\">\n<p class=\" content-text__container \" data-track-category=\"Link no Texto\" data-track-links=\"\"> Por outro lado, <span class=\"highlight\">a popula\u00e7\u00e3o de cidad\u00e3os japoneses diminuiu no ano passado em 861.237, para 121,6 milh\u00f5es, de acordo com os dados divulgados nesta quarta-feira. Isso fez de 2023 o 15\u00ba ano consecutivo de queda no n\u00famero de cidad\u00e3os e foi o maior decl\u00ednio anual desde que a pesquisa do minist\u00e9rio dos assuntos internos come\u00e7ou em 1968<\/span>.<\/p>\n<\/p><\/div>\n<div class=\"mc-column content-text active-extra-styles \" data-block-type=\"unstyled\" data-block-weight=\"34\">\n<p class=\" content-text__container \" data-track-category=\"Link no Texto\" data-track-links=\"\"> A queda na popula\u00e7\u00e3o japonesa superou o aumento de estrangeiros no ano passado, levando a uma queda geral de 0,42% na popula\u00e7\u00e3o total do pa\u00eds, que era de 124,9 milh\u00f5es at\u00e9 1\u00ba de janeiro.<\/p>\n<\/p><\/div>\n<div class=\"mc-column content-text active-extra-styles \" data-block-type=\"unstyled\" data-block-weight=\"70\">\n<p class=\" content-text__container \" data-track-category=\"Link no Texto\" data-track-links=\"\"> \u00c0 medida que a popula\u00e7\u00e3o dom\u00e9stica continua a diminuir, trabalhadores de pa\u00edses estrangeiros est\u00e3o se tornando cada vez mais vitais para a economia japonesa. O governo lan\u00e7ou um novo <strong>visto digital <\/strong>direcionado a profissionais estrangeiros no ano passado e, em mar\u00e7o, anunciou que dobraria o limite de estrangeiros eleg\u00edveis para seu visto de trabalhador qualificado para 800 mil nos pr\u00f3ximos cinco anos, na tentativa de atrair mais talentos do exterior.<\/p>\n<\/p><\/div>\n<div class=\"mc-column content-text active-extra-styles \" data-block-type=\"unstyled\" data-block-weight=\"77\">\n<p class=\" content-text__container \" data-track-category=\"Link no Texto\" data-track-links=\"\"> <span class=\"highlight\">Mas, apesar dos aumentos recentes nos residentes estrangeiros, o Jap\u00e3o deve ficar consideravelmente aqu\u00e9m do n\u00famero de trabalhadores estrangeiros necess\u00e1rios para atender suas metas de crescimento econ\u00f4mico<\/span>. O pa\u00eds precisar\u00e1 de 970 mil trabalhadores estrangeiros a mais do que o previsto para 2040 se quiser alcan\u00e7ar a meta do governo de um PIB de 704 trilh\u00f5es de ienes (US$ 4,5 trilh\u00f5es), de acordo com uma estimativa divulgada pela Ag\u00eancia Japonesa de Coopera\u00e7\u00e3o Internacional no in\u00edcio deste m\u00eas.<\/p>\n<\/p><\/div>\n<div class=\"mc-column content-text active-extra-styles \" data-block-type=\"unstyled\" data-block-weight=\"36\">\n<p class=\" content-text__container \" data-track-category=\"Link no Texto\" data-track-links=\"\"> Analistas afirmam que o iene persistentemente fraco, a crescente competi\u00e7\u00e3o com vizinhos asi\u00e1ticos como Taiwan e o lento progresso do Jap\u00e3o em quest\u00f5es de g\u00eanero e sociais s\u00e3o barreiras-chave para o pa\u00eds atrair mais talentos estrangeiros.<\/p>\n<\/p><\/div>\n<div data-track-category=\"multicontent\" data-track-action=\"ultimo chunk conteudo\" data-track-noninteraction=\"false\" data-track-scroll=\"view\">\n<div class=\"row medium-uncollapsed content-media content-photo\" data-block-type=\"backstage-photo\">\n<div class=\"mc-column content-media__container\">\n<div class=\"content-media-container\">\n<figure class=\"content-media__figure\"><figcaption class=\"content-media__description\"> Pedestres atravessam rua de T\u00f3quio, no Jap\u00e3o \u2014 Foto: Sofia Terzoni\/Pixabay <\/figcaption><\/figure>\n<\/p><\/div>\n<\/p><\/div>\n<\/p><\/div>\n<\/p><\/div>\n<\/p><\/div>\n<p><a href=\"https:\/\/valor.globo.com\/mundo\/noticia\/2024\/07\/24\/populao-estrangeira-no-japo-ultrapassa-3-milhes-pela-primeira-vez.ghtml\">Fonte: valor.globo.com<\/a><\/p>\n","protected":false},"excerpt":{"rendered":"<p>O Jap\u00e3o registrou pela primeira vez mais de 3 milh\u00f5es de residentes estrangeiros, representando 2,66% da popula\u00e7\u00e3o total, de acordo com dados governamentais divulgados nesta quarta-feira (24). As mesmas estat\u00edsticas mostraram que o n\u00famero de cidad\u00e3os japoneses diminuiu no ano passado em todas as regi\u00f5es, exceto em T\u00f3quio. Isso ocorre \u00e0 medida que a popula\u00e7\u00e3o [&hellip;]<\/p>\n","protected":false},"author":1,"featured_media":8374,"comment_status":"open","ping_status":"open","sticky":false,"template":"","format":"standard","meta":{"fifu_image_url":"https:\/\/s2-valor.glbimg.com\/Ckr5Ao_wQcb2qW8v5bCMsg9llq8=\/1200x\/smart\/filters:cover():strip_icc()\/i.s3.glbimg.com\/v1\/AUTH_63b422c2caee4269b8b34177e8876b93\/internal_photos\/bs\/2024\/l\/S\/kk2B1eSPmcSxmQSO0fvQ\/pedestres-atravessam-rua-de-toquio-sofia-terzoni-pixabay.jpg","fifu_image_alt":"","footnotes":""},"categories":[1300],"tags":[2660,6885,1307,479,129,40,919,691,6228,546,1519],"class_list":{"0":"post-8373","1":"post","2":"type-post","3":"status-publish","4":"format-standard","5":"has-post-thumbnail","7":"category-economia","8":"tag-dados-estatisticos","9":"tag-estrangeira","10":"tag-japao","11":"tag-milhoes","12":"tag-mundo","13":"tag-pela","14":"tag-populacao","15":"tag-primeira","16":"tag-toquio-japao","17":"tag-ultrapassa","18":"tag-vez"},"_links":{"self":[{"href":"https:\/\/balancotocantins.com.br\/index.php?rest_route=\/wp\/v2\/posts\/8373","targetHints":{"allow":["GET"]}}],"collection":[{"href":"https:\/\/balancotocantins.com.br\/index.php?rest_route=\/wp\/v2\/posts"}],"about":[{"href":"https:\/\/balancotocantins.com.br\/index.php?rest_route=\/wp\/v2\/types\/post"}],"author":[{"embeddable":true,"href":"https:\/\/balancotocantins.com.br\/index.php?rest_route=\/wp\/v2\/users\/1"}],"replies":[{"embeddable":true,"href":"https:\/\/balancotocantins.com.br\/index.php?rest_route=%2Fwp%2Fv2%2Fcomments&post=8373"}],"version-history":[{"count":1,"href":"https:\/\/balancotocantins.com.br\/index.php?rest_route=\/wp\/v2\/posts\/8373\/revisions"}],"predecessor-version":[{"id":8375,"href":"https:\/\/balancotocantins.com.br\/index.php?rest_route=\/wp\/v2\/posts\/8373\/revisions\/8375"}],"wp:featuredmedia":[{"embeddable":true,"href":"https:\/\/balancotocantins.com.br\/index.php?rest_route=\/wp\/v2\/media\/8374"}],"wp:attachment":[{"href":"https:\/\/balancotocantins.com.br\/index.php?rest_route=%2Fwp%2Fv2%2Fmedia&parent=8373"}],"wp:term":[{"taxonomy":"category","embeddable":true,"href":"https:\/\/balancotocantins.com.br\/index.php?rest_route=%2Fwp%2Fv2%2Fcategories&post=8373"},{"taxonomy":"post_tag","embeddable":true,"href":"https:\/\/balancotocantins.com.br\/index.php?rest_route=%2Fwp%2Fv2%2Ftags&post=8373"}],"curies":[{"name":"wp","href":"https:\/\/api.w.org\/{rel}","templated":true}]}}