{"id":8847,"date":"2024-08-19T11:38:15","date_gmt":"2024-08-19T14:38:15","guid":{"rendered":"https:\/\/balancotocantins.com.br\/gm-vai-demitir-funcionarios-da-area-de-engenharia-de-software-empresas\/"},"modified":"2024-08-19T11:52:51","modified_gmt":"2024-08-19T14:52:51","slug":"gm-vai-demitir-funcionarios-da-area-de-engenharia-de-software-empresas","status":"publish","type":"post","link":"https:\/\/balancotocantins.com.br\/?p=8847","title":{"rendered":"GM vai demitir funcion\u00e1rios da \u00e1rea de engenharia de software | Empresas"},"content":{"rendered":"<p><\/p>\n<div data-block-type=\"unstyled\" data-block-weight=\"46\">\n<p class=\" content-text__container theme-color-primary-first-letter\" data-track-category=\"Link no Texto\" data-track-links=\"\"> A <strong>General Motors (GM)<\/strong> vai cortar mais de 1.000 <strong>engenheiros de software <\/strong>em um esfor\u00e7o para enxugar a \u00e1rea de software e servi\u00e7os, disse uma pessoa familiarizada com o assunto. A montadora confirmou a redu\u00e7\u00e3o do quadro de funcion\u00e1rios, mas n\u00e3o informou o n\u00famero de desligamentos. <\/p>\n<\/p><\/div>\n<div>\n<div class=\"mc-column content-text active-extra-styles \" data-block-type=\"unstyled\" data-block-weight=\"45\">\n<p class=\" content-text__container \" data-track-category=\"Link no Texto\" data-track-links=\"\"> Mais de 600 das demiss\u00f5es devem acontecer em Michigan, nos EUA, disse a pessoa com conhecimento sobre medida da companhia. As mudan\u00e7as ocorrem dois meses ap\u00f3s os ex-executivos da Apple <strong>David Richardson <\/strong>e <strong>Baris Cetinok <\/strong>terem sido promovidos a cargos de vice-presidentes s\u00eanior no grupo. <\/p>\n<\/p><\/div>\n<div class=\"mc-column content-text active-extra-styles \" data-block-type=\"unstyled\" data-block-weight=\"64\">\n<p class=\" content-text__container \" data-track-category=\"Link no Texto\" data-track-links=\"\"> &#8220;\u00c0 medida que constru\u00edmos o futuro da GM, precisamos simplificar para obter velocidade e excel\u00eancia, fazer escolhas ousadas e priorizar os investimentos que ter\u00e3o o maior impacto&#8221;, informou a GM, nesta segunda-feira (19), em uma declara\u00e7\u00e3o confirmando os cortes, sem especificar quantas pessoas foram afetadas. A montadora se recusou a informar quanto o corte reduzir\u00e1 sua for\u00e7a de trabalho geral de engenharia de software. <\/p>\n<\/p><\/div>\n<div class=\"mc-column content-text active-extra-styles \" data-block-type=\"unstyled\" data-block-weight=\"58\">\n<p class=\" content-text__container \" data-track-category=\"Link no Texto\" data-track-links=\"\"> A companhia vem desenvolvendo softwares que operam, cada vez mais, os sistemas subjacentes do ve\u00edculo, desde o gerenciamento da bateria e caracter\u00edsticas de dire\u00e7\u00e3o at\u00e9 exibi\u00e7\u00f5es de conte\u00fado no autom\u00f3vel, especialmente nos modelos el\u00e9tricos mais novos. E para isso, ampliou o quadro de funcion\u00e1rios em desenvolvimento de software, nos \u00faltimos anos, como parte de seu impulso ao segmento. <\/p>\n<\/p><\/div>\n<div class=\"mc-column content-text active-extra-styles \" data-block-type=\"unstyled\" data-block-weight=\"29\">\n<p class=\" content-text__container \" data-track-category=\"Link no Texto\" data-track-links=\"\"> A montadora esperava que novos servi\u00e7os, como conectar clientes a esta\u00e7\u00f5es de recarga, conte\u00fado digital e outros neg\u00f3cios n\u00e3o automotivos, um dia adicionassem bilh\u00f5es de d\u00f3lares em receita anual. <\/p>\n<\/p><\/div>\n<div class=\"mc-column content-text active-extra-styles \" data-block-type=\"unstyled\" data-block-weight=\"32\">\n<p class=\" content-text__container \" data-track-category=\"Link no Texto\" data-track-links=\"\"> A empresa suspendeu, temporariamente, as vendas de seu SUV el\u00e9trico Chevrolet Blazer e teve problemas com seu Cadillac Lyriq EV, tendo em vista que algumas falhas estavam ligadas ao software dos ve\u00edculos. <\/p>\n<\/p><\/div>\n<div class=\"mc-column content-text active-extra-styles \" data-block-type=\"unstyled\" data-block-weight=\"42\">\n<p class=\" content-text__container \" data-track-category=\"Link no Texto\" data-track-links=\"\"> Com o Blazer, a GM enfrentou a rea\u00e7\u00e3o negativa dos consumidores ao construir seu pr\u00f3prio sistema de informa\u00e7\u00f5es e entretenimento no ve\u00edculo, para substituir o CarPlay, da Apple. A montadora teve problemas com a tela de conte\u00fado interno e outros problemas tecnol\u00f3gicos. <\/p>\n<\/p><\/div>\n<div data-track-category=\"multicontent\" data-track-action=\"ultimo chunk conteudo\" data-track-noninteraction=\"false\" data-track-scroll=\"view\">\n<div class=\"row medium-uncollapsed content-media content-photo\" data-block-type=\"backstage-photo\">\n<div data-image-display=\"normal\" class=\"mc-column content-media__container\">\n<div class=\"content-media-container\">\n<figure class=\"content-media__figure\"><figcaption class=\"content-media__description\"> SUV el\u00e9trico Chevrolet Blazer \u2014 Foto: Bloomberg <\/figcaption><\/figure>\n<\/p><\/div>\n<\/p><\/div>\n<\/p><\/div>\n<\/p><\/div>\n<\/p><\/div>\n<p><a href=\"https:\/\/valor.globo.com\/empresas\/noticia\/2024\/08\/19\/gm-vai-demitir-funcionarios-da-area-de-engenharia-de-software.ghtml\">Fonte: valor.globo.com<\/a><\/p>\n","protected":false},"excerpt":{"rendered":"<p>A General Motors (GM) vai cortar mais de 1.000 engenheiros de software em um esfor\u00e7o para enxugar a \u00e1rea de software e servi\u00e7os, disse uma pessoa familiarizada com o assunto. A montadora confirmou a redu\u00e7\u00e3o do quadro de funcion\u00e1rios, mas n\u00e3o informou o n\u00famero de desligamentos. Mais de 600 das demiss\u00f5es devem acontecer em Michigan, [&hellip;]<\/p>\n","protected":false},"author":1,"featured_media":8848,"comment_status":"open","ping_status":"open","sticky":false,"template":"","format":"standard","meta":{"fifu_image_url":"https:\/\/s2-valor.glbimg.com\/CisxTMsbabUhB_0UDqsBksluOvs=\/1200x\/smart\/filters:cover():strip_icc()\/i.s3.glbimg.com\/v1\/AUTH_63b422c2caee4269b8b34177e8876b93\/internal_photos\/bs\/2022\/0\/I\/umxe5jT4WLRwiEUHHeEA\/389407085.jpg","fifu_image_alt":"","footnotes":""},"categories":[1300],"tags":[192,458,7218,360,4728,574,2314,435,7220,7219,471,359],"class_list":{"0":"post-8847","1":"post","2":"type-post","3":"status-publish","4":"format-standard","5":"has-post-thumbnail","7":"category-economia","8":"tag-apple","9":"tag-area","10":"tag-demissao-desligamento","11":"tag-demitir","12":"tag-demografia","13":"tag-empresas","14":"tag-engenharia","15":"tag-funcionarios","16":"tag-gm","17":"tag-michigan-eua","18":"tag-software","19":"tag-vai"},"_links":{"self":[{"href":"https:\/\/balancotocantins.com.br\/index.php?rest_route=\/wp\/v2\/posts\/8847","targetHints":{"allow":["GET"]}}],"collection":[{"href":"https:\/\/balancotocantins.com.br\/index.php?rest_route=\/wp\/v2\/posts"}],"about":[{"href":"https:\/\/balancotocantins.com.br\/index.php?rest_route=\/wp\/v2\/types\/post"}],"author":[{"embeddable":true,"href":"https:\/\/balancotocantins.com.br\/index.php?rest_route=\/wp\/v2\/users\/1"}],"replies":[{"embeddable":true,"href":"https:\/\/balancotocantins.com.br\/index.php?rest_route=%2Fwp%2Fv2%2Fcomments&post=8847"}],"version-history":[{"count":1,"href":"https:\/\/balancotocantins.com.br\/index.php?rest_route=\/wp\/v2\/posts\/8847\/revisions"}],"predecessor-version":[{"id":8849,"href":"https:\/\/balancotocantins.com.br\/index.php?rest_route=\/wp\/v2\/posts\/8847\/revisions\/8849"}],"wp:featuredmedia":[{"embeddable":true,"href":"https:\/\/balancotocantins.com.br\/index.php?rest_route=\/wp\/v2\/media\/8848"}],"wp:attachment":[{"href":"https:\/\/balancotocantins.com.br\/index.php?rest_route=%2Fwp%2Fv2%2Fmedia&parent=8847"}],"wp:term":[{"taxonomy":"category","embeddable":true,"href":"https:\/\/balancotocantins.com.br\/index.php?rest_route=%2Fwp%2Fv2%2Fcategories&post=8847"},{"taxonomy":"post_tag","embeddable":true,"href":"https:\/\/balancotocantins.com.br\/index.php?rest_route=%2Fwp%2Fv2%2Ftags&post=8847"}],"curies":[{"name":"wp","href":"https:\/\/api.w.org\/{rel}","templated":true}]}}