{"id":9035,"date":"2024-09-02T22:21:47","date_gmt":"2024-09-03T01:21:47","guid":{"rendered":"https:\/\/balancotocantins.com.br\/ibama-aplica-multas-de-r-100-milhoes-por-incendio-iniciado-em-ferrovia-no-pantanal-empresas\/"},"modified":"2024-09-03T00:21:20","modified_gmt":"2024-09-03T03:21:20","slug":"ibama-aplica-multas-de-r-100-milhoes-por-incendio-iniciado-em-ferrovia-no-pantanal-empresas","status":"publish","type":"post","link":"https:\/\/balancotocantins.com.br\/?p=9035","title":{"rendered":"Ibama aplica multas de R$ 100 milh\u00f5es por inc\u00eandio iniciado em ferrovia no Pantanal | Empresas"},"content":{"rendered":"<p><\/p>\n<div data-block-type=\"unstyled\" data-block-weight=\"47\">\n<p class=\" content-text__container theme-color-primary-first-letter\" data-track-category=\"Link no Texto\" data-track-links=\"\"> O <strong>Ibama <\/strong>(Instituto Brasileiro do Meio Ambiente e dos Recursos Naturais Renov\u00e1veis) aplicou <strong>multas <\/strong>que somam mais de <strong>R$ 100 milh\u00f5es<\/strong> por um<strong> inc\u00eandio florestal <\/strong>no <strong>Pantanal<\/strong>. As chamas teriam come\u00e7ado durante a manuten\u00e7\u00e3o de uma ferrovia em Corumb\u00e1 (MS) e consumiram 17.817 <strong>hectares <\/strong>de vegeta\u00e7\u00e3o nativa.<\/p>\n<\/p><\/div>\n<div>\n<div class=\"mc-column content-text active-extra-styles \" data-block-type=\"unstyled\" data-block-weight=\"45\">\n<p class=\" content-text__container \" data-track-category=\"Link no Texto\" data-track-links=\"\"> Segundo o \u00f3rg\u00e3o, foram aplicados dois autos de infra\u00e7\u00e3o em nome da <strong>Rumo<\/strong>, respons\u00e1vel pela linha f\u00e9rrea: por danificar a cobertura vegetal, no valor de R$ 50 milh\u00f5es, e por descumprir condicionante do licenciamento ambiental para opera\u00e7\u00e3o da estrada, no valor de R$ 7,5 milh\u00f5es.<\/p>\n<\/p><\/div>\n<div class=\"mc-column content-text active-extra-styles \" data-block-type=\"unstyled\" data-block-weight=\"48\">\n<p class=\" content-text__container \" data-track-category=\"Link no Texto\" data-track-links=\"\"> Uma empresa terceirizada que realizava as obras tamb\u00e9m foi autuada, como coautora, e recebeu multa no valor de R$ 50 milh\u00f5es. Segundo o portal \u201cRep\u00f3rter Brasil\u201d, a empresa \u00e9 a <strong>Trill Construtora<\/strong>. A reportagem tentou contato com a empresa em busca de um posicionamento, mas n\u00e3o teve retorno.<\/p>\n<\/p><\/div>\n<div class=\"mc-column content-text active-extra-styles \" data-block-type=\"unstyled\" data-block-weight=\"38\">\n<p class=\" content-text__container \" data-track-category=\"Link no Texto\" data-track-links=\"\"> <span class=\"highlight\">O inc\u00eandio come\u00e7ou em 16 agosto e foi controlado apenas sete dias depois, no dia 23. No total, 12 im\u00f3veis rurais foram atingidos<\/span>. Al\u00e9m de gram\u00edneas, foram atingidas \u00e1rvores t\u00edpicas do Pantanal, como o ip\u00ea-amarelo e o paratudo.<\/p>\n<\/p><\/div>\n<div class=\"mc-column content-text active-extra-styles \" data-block-type=\"unstyled\" data-block-weight=\"24\">\n<p class=\" content-text__container \" data-track-category=\"Link no Texto\" data-track-links=\"\"> \u201cAs condi\u00e7\u00f5es cr\u00edticas registradas neste per\u00edodo, como baixa umidade, alta temperatura e vento forte facilitaram a propaga\u00e7\u00e3o do inc\u00eandio\u201d, afirma o Ibama, em nota.<\/p>\n<\/p><\/div>\n<div class=\"mc-column content-text active-extra-styles \" data-block-type=\"unstyled\" data-block-weight=\"38\">\n<p class=\" content-text__container \" data-track-category=\"Link no Texto\" data-track-links=\"\"> Ainda de acordo com o instituto, trabalhadores que atuavam na manuten\u00e7\u00e3o da ferrovia relataram que fa\u00edscas geradas pelo uso de uma <strong>serra el\u00e9trica <\/strong>entraram em contato com a vegeta\u00e7\u00e3o seca ao redor dos trilhos, dando in\u00edcio \u00e0s chamas.<\/p>\n<\/p><\/div>\n<div class=\"mc-column content-text active-extra-styles \" data-block-type=\"unstyled\" data-block-weight=\"27\">\n<p class=\" content-text__container \" data-track-category=\"Link no Texto\" data-track-links=\"\"> Com os equipamentos dispon\u00edveis no momento, eles tentaram apagar o fogo, mas acabaram perdendo o controle e um inc\u00eandio de grande propor\u00e7\u00e3o avan\u00e7ou sobre a vegeta\u00e7\u00e3o pantaneira.<\/p>\n<\/p><\/div>\n<div class=\"mc-column content-text active-extra-styles \" data-block-type=\"unstyled\" data-block-weight=\"15\">\n<p class=\" content-text__container \" data-track-category=\"Link no Texto\" data-track-links=\"\"> <span class=\"highlight\">Procurada, a Rumo informou, por meio de comunicado, que est\u00e1 apurando as causas do ocorrido<\/span>.<\/p>\n<\/p><\/div>\n<div class=\"mc-column content-text active-extra-styles \" data-block-type=\"unstyled\" data-block-weight=\"35\">\n<p class=\" content-text__container \" data-track-category=\"Link no Texto\" data-track-links=\"\"> \u201cComo vem sendo amplamente divulgado, h\u00e1 registros de diversos focos simult\u00e2neos de inc\u00eandio, de origens diversas, agravados pelas condi\u00e7\u00f5es clim\u00e1ticas. A concession\u00e1ria reafirma o seu compromisso em cooperar com as autoridades competentes\u201d, diz o texto.<\/p>\n<\/p><\/div>\n<div class=\"mc-column content-text active-extra-styles \" data-block-type=\"unstyled\" data-block-weight=\"33\">\n<p class=\" content-text__container \" data-track-category=\"Link no Texto\" data-track-links=\"\"> O Pantanal enfrenta uma forte temporada de<strong> inc\u00eandios florestais<\/strong> desde junho. Somente no m\u00eas de agosto foram registrados 4.411 focos no bioma, de acordo com dados do <strong>Inpe <\/strong>(Instituto Nacional de Pesquisas Espaciais).<\/p>\n<\/p><\/div>\n<div class=\"mc-column content-text active-extra-styles \" data-block-type=\"unstyled\" data-block-weight=\"37\">\n<p class=\" content-text__container \" data-track-category=\"Link no Texto\" data-track-links=\"\"> O Ibama diz que uma <strong>investiga\u00e7\u00e3o <\/strong>est\u00e1 em curso para apurar as medidas emergenciais que as empresas autuadas realizaram, j\u00e1 que \u00e9 obriga\u00e7\u00e3o do empreendedor comunicar imediatamente qualquer acidente por meio do Sistema Nacional de Emerg\u00eancias Ambientais.<\/p>\n<\/p><\/div>\n<div class=\"mc-column content-text active-extra-styles \" data-block-type=\"unstyled\" data-block-weight=\"37\">\n<p class=\" content-text__container \" data-track-category=\"Link no Texto\" data-track-links=\"\"> A Rumo dever\u00e1 apresentar ao \u00f3rg\u00e3o um plano de recupera\u00e7\u00e3o dos dormentes de madeira danificados pelo fogo, para garantir a seguran\u00e7a da continuidade das opera\u00e7\u00f5es, e um relat\u00f3rio detalhado sobre as a\u00e7\u00f5es de resposta realizadas pela empresa. <\/p>\n<\/p><\/div>\n<div class=\"row medium-uncollapsed content-media content-photo\" data-block-type=\"backstage-photo\">\n<div data-image-display=\"normal\" class=\"mc-column content-media__container\">\n<div class=\"content-media-container\">\n<figure class=\"content-media__figure\"><figcaption class=\"content-media__description\"> Fiscais do Ibama fazem inspe\u00e7\u00e3o em trecho de ferrovia na regi\u00e3o de Porto Esperan\u00e7a, em Corumb\u00e1 (MS), onde um inc\u00eandio de grandes propor\u00e7\u00f5es teve in\u00edcio em 16 de agosto e consumiu 17.817 hectares de vegeta\u00e7\u00e3o pantaneira \u2014 Foto: Divulga\u00e7\u00e3o\/Ibama <\/figcaption><\/figure>\n<\/p><\/div>\n<\/p><\/div>\n<\/p><\/div>\n<\/p><\/div>\n<p><a href=\"https:\/\/valor.globo.com\/empresas\/noticia\/2024\/09\/02\/ibama-aplica-multas-de-r-100-milhoes-por-incendio-iniciado-em-ferrovia-no-pantanal.ghtml\">Fonte: valor.globo.com<\/a><\/p>\n","protected":false},"excerpt":{"rendered":"<p>O Ibama (Instituto Brasileiro do Meio Ambiente e dos Recursos Naturais Renov\u00e1veis) aplicou multas que somam mais de R$ 100 milh\u00f5es por um inc\u00eandio florestal no Pantanal. As chamas teriam come\u00e7ado durante a manuten\u00e7\u00e3o de uma ferrovia em Corumb\u00e1 (MS) e consumiram 17.817 hectares de vegeta\u00e7\u00e3o nativa. Segundo o \u00f3rg\u00e3o, foram aplicados dois autos de [&hellip;]<\/p>\n","protected":false},"author":1,"featured_media":9036,"comment_status":"open","ping_status":"open","sticky":false,"template":"","format":"standard","meta":{"fifu_image_url":"https:\/\/s2-valor.glbimg.com\/nU0ckx75tV27ZAZd8X69LLruenY=\/1200x\/smart\/filters:cover():strip_icc()\/i.s3.glbimg.com\/v1\/AUTH_63b422c2caee4269b8b34177e8876b93\/internal_photos\/bs\/2024\/Z\/a\/Y0bQsqSI20M2DeBUZHtg\/fiscais-do-ibama-fazem-inspecao-em-trecho-de-ferrovia-na-regiao-de-porto-esperanca-em-corumba-ms-onde-um-incendios-de-grandes-proporcoes-teve-inicio-em-16-de-agosto-consumindo-17.817-hectares-de-vegetacao-pantaneira-ibama.png","fifu_image_alt":"","footnotes":""},"categories":[1300],"tags":[7355,7352,7351,574,4150,7353,7356,7350,7357,479,7109,6086,73,7354],"class_list":{"0":"post-9035","1":"post","2":"type-post","3":"status-publish","4":"format-standard","5":"has-post-thumbnail","7":"category-economia","8":"tag-aplica","9":"tag-corumba","10":"tag-direito-ambiental","11":"tag-empresas","12":"tag-ferrovia","13":"tag-ibama","14":"tag-incendio","15":"tag-incendio-florestal","16":"tag-iniciado","17":"tag-milhoes","18":"tag-multas","19":"tag-pantanal","20":"tag-por","21":"tag-rumo-empresa"},"_links":{"self":[{"href":"https:\/\/balancotocantins.com.br\/index.php?rest_route=\/wp\/v2\/posts\/9035","targetHints":{"allow":["GET"]}}],"collection":[{"href":"https:\/\/balancotocantins.com.br\/index.php?rest_route=\/wp\/v2\/posts"}],"about":[{"href":"https:\/\/balancotocantins.com.br\/index.php?rest_route=\/wp\/v2\/types\/post"}],"author":[{"embeddable":true,"href":"https:\/\/balancotocantins.com.br\/index.php?rest_route=\/wp\/v2\/users\/1"}],"replies":[{"embeddable":true,"href":"https:\/\/balancotocantins.com.br\/index.php?rest_route=%2Fwp%2Fv2%2Fcomments&post=9035"}],"version-history":[{"count":1,"href":"https:\/\/balancotocantins.com.br\/index.php?rest_route=\/wp\/v2\/posts\/9035\/revisions"}],"predecessor-version":[{"id":9037,"href":"https:\/\/balancotocantins.com.br\/index.php?rest_route=\/wp\/v2\/posts\/9035\/revisions\/9037"}],"wp:featuredmedia":[{"embeddable":true,"href":"https:\/\/balancotocantins.com.br\/index.php?rest_route=\/wp\/v2\/media\/9036"}],"wp:attachment":[{"href":"https:\/\/balancotocantins.com.br\/index.php?rest_route=%2Fwp%2Fv2%2Fmedia&parent=9035"}],"wp:term":[{"taxonomy":"category","embeddable":true,"href":"https:\/\/balancotocantins.com.br\/index.php?rest_route=%2Fwp%2Fv2%2Fcategories&post=9035"},{"taxonomy":"post_tag","embeddable":true,"href":"https:\/\/balancotocantins.com.br\/index.php?rest_route=%2Fwp%2Fv2%2Ftags&post=9035"}],"curies":[{"name":"wp","href":"https:\/\/api.w.org\/{rel}","templated":true}]}}