{"id":9098,"date":"2024-09-07T16:50:03","date_gmt":"2024-09-07T19:50:03","guid":{"rendered":"https:\/\/balancotocantins.com.br\/internado-mujica-passa-por-procedimento-cirurgico-ligado-a-efeitos-colaterais-de-radioterapia-mundo\/"},"modified":"2024-09-07T17:29:56","modified_gmt":"2024-09-07T20:29:56","slug":"internado-mujica-passa-por-procedimento-cirurgico-ligado-a-efeitos-colaterais-de-radioterapia-mundo","status":"publish","type":"post","link":"https:\/\/balancotocantins.com.br\/?p=9098","title":{"rendered":"Internado, Mujica passa por procedimento cir\u00fargico ligado a efeitos colaterais de radioterapia | Mundo"},"content":{"rendered":"<p><\/p>\n<div data-block-type=\"unstyled\" data-block-weight=\"49\">\n<p class=\" content-text__container theme-color-primary-first-letter\" data-track-category=\"Link no Texto\" data-track-links=\"\"> O ex-presidente do Uruguai Jos\u00e9 Mujica passou neste s\u00e1bado por um procedimento cir\u00fargico relacionado a problemas digestivos causados pelo tratamento para um c\u00e2ncer no es\u00f4fago. Ele est\u00e1 desde quinta-feira em um hospital de Montevid\u00e9u, e os m\u00e9dicos dizem que ele dever\u00e1 permanecer no local \u201cpor mais alguns dias\u201d. <\/p>\n<\/p><\/div>\n<p><a href=\"https:\/\/valor.globo.com\/mundo\/noticia\/2024\/09\/07\/internado-mujica-passa-por-procedimento-cirrgico-ligado-a-efeitos-colaterais-de-radioterapia.ghtml\">Fonte: valor.globo.com<\/a><\/p>\n","protected":false},"excerpt":{"rendered":"<p>O ex-presidente do Uruguai Jos\u00e9 Mujica passou neste s\u00e1bado por um procedimento cir\u00fargico relacionado a problemas digestivos causados pelo tratamento para um c\u00e2ncer no es\u00f4fago. Ele est\u00e1 desde quinta-feira em um hospital de Montevid\u00e9u, e os m\u00e9dicos dizem que ele dever\u00e1 permanecer no local \u201cpor mais alguns dias\u201d. Fonte: valor.globo.com<\/p>\n","protected":false},"author":1,"featured_media":9099,"comment_status":"open","ping_status":"open","sticky":false,"template":"","format":"standard","meta":{"fifu_image_url":"https:\/\/s2-valor.glbimg.com\/bVrn1ppyezUo1gxrp1SYatkRbD4=\/1200x\/smart\/filters:cover():strip_icc()\/i.s3.glbimg.com\/v1\/AUTH_63b422c2caee4269b8b34177e8876b93\/internal_photos\/bs\/2019\/I\/e\/ZanTCbRuSpgEVfJ8ABmQ\/uruguai-mojica0.jpg","fifu_image_alt":"","footnotes":""},"categories":[1300],"tags":[1898,205,7401,7402,6793,7348,7398,6508,7399,7400,129,1462,73,3952,7403,6915],"class_list":{"0":"post-9098","1":"post","2":"type-post","3":"status-publish","4":"format-standard","5":"has-post-thumbnail","7":"category-economia","8":"tag-alimentacao","9":"tag-cancer","10":"tag-cirurgico","11":"tag-colaterais","12":"tag-efeitos","13":"tag-internado","14":"tag-jose-mujica","15":"tag-ligado","16":"tag-montevideu","17":"tag-mujica","18":"tag-mundo","19":"tag-passa","20":"tag-por","21":"tag-procedimento","22":"tag-radioterapia","23":"tag-uruguai"},"_links":{"self":[{"href":"https:\/\/balancotocantins.com.br\/index.php?rest_route=\/wp\/v2\/posts\/9098","targetHints":{"allow":["GET"]}}],"collection":[{"href":"https:\/\/balancotocantins.com.br\/index.php?rest_route=\/wp\/v2\/posts"}],"about":[{"href":"https:\/\/balancotocantins.com.br\/index.php?rest_route=\/wp\/v2\/types\/post"}],"author":[{"embeddable":true,"href":"https:\/\/balancotocantins.com.br\/index.php?rest_route=\/wp\/v2\/users\/1"}],"replies":[{"embeddable":true,"href":"https:\/\/balancotocantins.com.br\/index.php?rest_route=%2Fwp%2Fv2%2Fcomments&post=9098"}],"version-history":[{"count":1,"href":"https:\/\/balancotocantins.com.br\/index.php?rest_route=\/wp\/v2\/posts\/9098\/revisions"}],"predecessor-version":[{"id":9100,"href":"https:\/\/balancotocantins.com.br\/index.php?rest_route=\/wp\/v2\/posts\/9098\/revisions\/9100"}],"wp:featuredmedia":[{"embeddable":true,"href":"https:\/\/balancotocantins.com.br\/index.php?rest_route=\/wp\/v2\/media\/9099"}],"wp:attachment":[{"href":"https:\/\/balancotocantins.com.br\/index.php?rest_route=%2Fwp%2Fv2%2Fmedia&parent=9098"}],"wp:term":[{"taxonomy":"category","embeddable":true,"href":"https:\/\/balancotocantins.com.br\/index.php?rest_route=%2Fwp%2Fv2%2Fcategories&post=9098"},{"taxonomy":"post_tag","embeddable":true,"href":"https:\/\/balancotocantins.com.br\/index.php?rest_route=%2Fwp%2Fv2%2Ftags&post=9098"}],"curies":[{"name":"wp","href":"https:\/\/api.w.org\/{rel}","templated":true}]}}