{"id":9107,"date":"2024-09-07T17:20:31","date_gmt":"2024-09-07T20:20:31","guid":{"rendered":"https:\/\/balancotocantins.com.br\/venezuela-diz-ao-brasil-que-nao-invadira-embaixada-argentina-em-caracas-afirmam-fontes-mundo\/"},"modified":"2024-09-07T17:36:34","modified_gmt":"2024-09-07T20:36:34","slug":"venezuela-diz-ao-brasil-que-nao-invadira-embaixada-argentina-em-caracas-afirmam-fontes-mundo","status":"publish","type":"post","link":"https:\/\/balancotocantins.com.br\/?p=9107","title":{"rendered":"Venezuela diz ao Brasil que n\u00e3o invadir\u00e1 embaixada argentina em Caracas, afirmam fontes | Mundo"},"content":{"rendered":"<p><\/p>\n<div data-block-type=\"unstyled\" data-block-weight=\"74\">\n<p class=\" content-text__container theme-color-primary-first-letter\" data-track-category=\"Link no Texto\" data-track-links=\"\"> Ap\u00f3s revogarem a autoriza\u00e7\u00e3o dada ao Brasil no in\u00edcio de agosto para que o pa\u00eds passasse a representar os interesses da Argentina na Venezuela, autoridades da ditadura de Nicol\u00e1s Maduro, confirmaram fontes oficiais, se comprometeram a n\u00e3o violar normas do direito internacional. Em contatos com o governo brasileiro, essas autoridades, asseguraram as fontes consultadas, afirmaram que n\u00e3o entrar\u00e3o na embaixada argentina em Caracas, onde est\u00e3o asilados seis colaboradores da l\u00edder opositora Mar\u00eda Corina Machado.<\/p>\n<\/p><\/div>\n<p><a href=\"https:\/\/valor.globo.com\/mundo\/noticia\/2024\/09\/07\/venezuela-diz-ao-brasil-que-no-invadir-embaixada-argentina-em-caracas-afirmam-fontes.ghtml\">Fonte: valor.globo.com<\/a><\/p>\n","protected":false},"excerpt":{"rendered":"<p>Ap\u00f3s revogarem a autoriza\u00e7\u00e3o dada ao Brasil no in\u00edcio de agosto para que o pa\u00eds passasse a representar os interesses da Argentina na Venezuela, autoridades da ditadura de Nicol\u00e1s Maduro, confirmaram fontes oficiais, se comprometeram a n\u00e3o violar normas do direito internacional. Em contatos com o governo brasileiro, essas autoridades, asseguraram as fontes consultadas, afirmaram [&hellip;]<\/p>\n","protected":false},"author":1,"featured_media":9108,"comment_status":"open","ping_status":"open","sticky":false,"template":"","format":"standard","meta":{"fifu_image_url":"https:\/\/s2-valor.glbimg.com\/qyJauIbWB3E5WEgzmvRffbsdHhg=\/1200x\/smart\/filters:cover():strip_icc()\/i.s3.glbimg.com\/v1\/AUTH_63b422c2caee4269b8b34177e8876b93\/internal_photos\/bs\/2024\/2\/a\/ajvQ0GTNC8PTkWwfrUUA\/foto07int-201-venezu-a13.jpg","fifu_image_alt":"","footnotes":""},"categories":[1300],"tags":[7409,2056,303,7015,4052,1202,54,3282,1574,7408,7181,129,71,3518,3522],"class_list":{"0":"post-9107","1":"post","2":"type-post","3":"status-publish","4":"format-standard","5":"has-post-thumbnail","7":"category-economia","8":"tag-afirmam","9":"tag-argentina","10":"tag-brasil","11":"tag-caracas","12":"tag-direito-internacional","13":"tag-ditadura","14":"tag-diz","15":"tag-embaixada","16":"tag-fontes","17":"tag-invadira","18":"tag-maria-corina-machado","19":"tag-mundo","20":"tag-nao","21":"tag-nicolas-maduro","22":"tag-venezuela"},"_links":{"self":[{"href":"https:\/\/balancotocantins.com.br\/index.php?rest_route=\/wp\/v2\/posts\/9107","targetHints":{"allow":["GET"]}}],"collection":[{"href":"https:\/\/balancotocantins.com.br\/index.php?rest_route=\/wp\/v2\/posts"}],"about":[{"href":"https:\/\/balancotocantins.com.br\/index.php?rest_route=\/wp\/v2\/types\/post"}],"author":[{"embeddable":true,"href":"https:\/\/balancotocantins.com.br\/index.php?rest_route=\/wp\/v2\/users\/1"}],"replies":[{"embeddable":true,"href":"https:\/\/balancotocantins.com.br\/index.php?rest_route=%2Fwp%2Fv2%2Fcomments&post=9107"}],"version-history":[{"count":1,"href":"https:\/\/balancotocantins.com.br\/index.php?rest_route=\/wp\/v2\/posts\/9107\/revisions"}],"predecessor-version":[{"id":9109,"href":"https:\/\/balancotocantins.com.br\/index.php?rest_route=\/wp\/v2\/posts\/9107\/revisions\/9109"}],"wp:featuredmedia":[{"embeddable":true,"href":"https:\/\/balancotocantins.com.br\/index.php?rest_route=\/wp\/v2\/media\/9108"}],"wp:attachment":[{"href":"https:\/\/balancotocantins.com.br\/index.php?rest_route=%2Fwp%2Fv2%2Fmedia&parent=9107"}],"wp:term":[{"taxonomy":"category","embeddable":true,"href":"https:\/\/balancotocantins.com.br\/index.php?rest_route=%2Fwp%2Fv2%2Fcategories&post=9107"},{"taxonomy":"post_tag","embeddable":true,"href":"https:\/\/balancotocantins.com.br\/index.php?rest_route=%2Fwp%2Fv2%2Ftags&post=9107"}],"curies":[{"name":"wp","href":"https:\/\/api.w.org\/{rel}","templated":true}]}}