{"id":9116,"date":"2024-09-07T16:38:44","date_gmt":"2024-09-07T19:38:44","guid":{"rendered":"https:\/\/balancotocantins.com.br\/bandeira-do-brasil-nao-tem-partido-e-nem-dono-diz-tebet\/"},"modified":"2024-09-07T17:43:05","modified_gmt":"2024-09-07T20:43:05","slug":"bandeira-do-brasil-nao-tem-partido-e-nem-dono-diz-tebet","status":"publish","type":"post","link":"https:\/\/balancotocantins.com.br\/?p=9116","title":{"rendered":"Bandeira do Brasil n\u00e3o tem partido e nem dono, diz Tebet"},"content":{"rendered":"<p>     Ministra acompanhou hoje o desfile em comemora\u00e7\u00e3o&#8230;<br \/>\n<br \/><a href=\"https:\/\/valor.globo.com\/politica\/noticia\/2024\/09\/07\/bandeira-do-brasil-no-tem-partido-e-nem-dono-diz-tebet.ghtml\">Fonte: valor.globo.com<\/a><\/p>\n","protected":false},"excerpt":{"rendered":"<p>Ministra acompanhou hoje o desfile em comemora\u00e7\u00e3o&#8230; Fonte: valor.globo.com<\/p>\n","protected":false},"author":1,"featured_media":9117,"comment_status":"open","ping_status":"open","sticky":false,"template":"","format":"standard","meta":{"fifu_image_url":"https:\/\/s2-valor.glbimg.com\/Wpxq_MGrgQwkCqi5a8pWGyOqAX8=\/1200x\/smart\/filters:cover():strip_icc()\/i.s3.glbimg.com\/v1\/AUTH_63b422c2caee4269b8b34177e8876b93\/internal_photos\/bs\/2024\/9\/T\/quC8deQlGdAe832WrPKg\/foto05bra-121-tabet-a6.jpg","fifu_image_alt":"","footnotes":""},"categories":[1300],"tags":[7413,303,54,2778,71,7414,5532,6322,97],"class_list":{"0":"post-9116","1":"post","2":"type-post","3":"status-publish","4":"format-standard","5":"has-post-thumbnail","7":"category-economia","8":"tag-bandeira","9":"tag-brasil","10":"tag-diz","11":"tag-dono","12":"tag-nao","13":"tag-nem","14":"tag-partido","15":"tag-tebet","16":"tag-tem"},"_links":{"self":[{"href":"https:\/\/balancotocantins.com.br\/index.php?rest_route=\/wp\/v2\/posts\/9116","targetHints":{"allow":["GET"]}}],"collection":[{"href":"https:\/\/balancotocantins.com.br\/index.php?rest_route=\/wp\/v2\/posts"}],"about":[{"href":"https:\/\/balancotocantins.com.br\/index.php?rest_route=\/wp\/v2\/types\/post"}],"author":[{"embeddable":true,"href":"https:\/\/balancotocantins.com.br\/index.php?rest_route=\/wp\/v2\/users\/1"}],"replies":[{"embeddable":true,"href":"https:\/\/balancotocantins.com.br\/index.php?rest_route=%2Fwp%2Fv2%2Fcomments&post=9116"}],"version-history":[{"count":1,"href":"https:\/\/balancotocantins.com.br\/index.php?rest_route=\/wp\/v2\/posts\/9116\/revisions"}],"predecessor-version":[{"id":9118,"href":"https:\/\/balancotocantins.com.br\/index.php?rest_route=\/wp\/v2\/posts\/9116\/revisions\/9118"}],"wp:featuredmedia":[{"embeddable":true,"href":"https:\/\/balancotocantins.com.br\/index.php?rest_route=\/wp\/v2\/media\/9117"}],"wp:attachment":[{"href":"https:\/\/balancotocantins.com.br\/index.php?rest_route=%2Fwp%2Fv2%2Fmedia&parent=9116"}],"wp:term":[{"taxonomy":"category","embeddable":true,"href":"https:\/\/balancotocantins.com.br\/index.php?rest_route=%2Fwp%2Fv2%2Fcategories&post=9116"},{"taxonomy":"post_tag","embeddable":true,"href":"https:\/\/balancotocantins.com.br\/index.php?rest_route=%2Fwp%2Fv2%2Ftags&post=9116"}],"curies":[{"name":"wp","href":"https:\/\/api.w.org\/{rel}","templated":true}]}}