{"id":9125,"date":"2024-09-07T16:04:25","date_gmt":"2024-09-07T19:04:25","guid":{"rendered":"https:\/\/balancotocantins.com.br\/dino-defende-moraes-alvo-de-protesto-em-post-nas-redes-sociais-politica\/"},"modified":"2024-09-07T17:52:07","modified_gmt":"2024-09-07T20:52:07","slug":"dino-defende-moraes-alvo-de-protesto-em-post-nas-redes-sociais-politica","status":"publish","type":"post","link":"https:\/\/balancotocantins.com.br\/?p=9125","title":{"rendered":"Dino defende Moraes, alvo de protesto, em post nas redes sociais | Pol\u00edtica"},"content":{"rendered":"<p><\/p>\n<div data-block-type=\"unstyled\" data-block-weight=\"67\">\n<p class=\" content-text__container theme-color-primary-first-letter\" data-track-category=\"Link no Texto\" data-track-links=\"\"> O ministro do Supremo Tribunal Federal (STF), Fl\u00e1vio Dino, elogiou seu colega na Corte, Alexandre de Moraes, por ser um &#8220;juiz que tem a coragem e a independ\u00eancia necess\u00e1rias para fazer o certo&#8221;. &#8220;\u00c9 o que verdadeiramente importa&#8221;, defendeu Dino em uma rede social. Moraes \u00e9 um dos principais alvos de uma manifesta\u00e7\u00e3o que ocorre nesta tarde de s\u00e1bado, na Avenida Paulista, em S\u00e3o Paulo. <\/p>\n<\/p><\/div>\n<p><a href=\"https:\/\/valor.globo.com\/politica\/noticia\/2024\/09\/07\/dino-defende-moraes-alvo-de-protesto-em-post-nas-redes-sociais.ghtml\">Fonte: valor.globo.com<\/a><\/p>\n","protected":false},"excerpt":{"rendered":"<p>O ministro do Supremo Tribunal Federal (STF), Fl\u00e1vio Dino, elogiou seu colega na Corte, Alexandre de Moraes, por ser um &#8220;juiz que tem a coragem e a independ\u00eancia necess\u00e1rias para fazer o certo&#8221;. &#8220;\u00c9 o que verdadeiramente importa&#8221;, defendeu Dino em uma rede social. Moraes \u00e9 um dos principais alvos de uma manifesta\u00e7\u00e3o que ocorre [&hellip;]<\/p>\n","protected":false},"author":1,"featured_media":9126,"comment_status":"open","ping_status":"open","sticky":false,"template":"","format":"standard","meta":{"fifu_image_url":"https:\/\/s2-valor.glbimg.com\/an1F0a2yge0_swERYlg6oZbj5O4=\/1200x\/smart\/filters:cover():strip_icc()\/i.s3.glbimg.com\/v1\/AUTH_63b422c2caee4269b8b34177e8876b93\/internal_photos\/bs\/2024\/4\/H\/AyXyXQSdebivkxSTlPbw\/53787017556-2a55c869f0-k.jpg","fifu_image_alt":"","footnotes":""},"categories":[1300],"tags":[1421,1154,2843,2429,2426,1429,211,325,7416,6899,212,7415,213,1358],"class_list":{"0":"post-9125","1":"post","2":"type-post","3":"status-publish","4":"format-standard","5":"has-post-thumbnail","7":"category-economia","8":"tag-alexandre-de-moraes","9":"tag-alvo","10":"tag-defende","11":"tag-dino","12":"tag-flavio-dino","13":"tag-moraes","14":"tag-nas","15":"tag-politica","16":"tag-post","17":"tag-protesto","18":"tag-redes","19":"tag-redes-sociais-midias-sociais","20":"tag-sociais","21":"tag-stf-supremo-tribunal-federal"},"_links":{"self":[{"href":"https:\/\/balancotocantins.com.br\/index.php?rest_route=\/wp\/v2\/posts\/9125","targetHints":{"allow":["GET"]}}],"collection":[{"href":"https:\/\/balancotocantins.com.br\/index.php?rest_route=\/wp\/v2\/posts"}],"about":[{"href":"https:\/\/balancotocantins.com.br\/index.php?rest_route=\/wp\/v2\/types\/post"}],"author":[{"embeddable":true,"href":"https:\/\/balancotocantins.com.br\/index.php?rest_route=\/wp\/v2\/users\/1"}],"replies":[{"embeddable":true,"href":"https:\/\/balancotocantins.com.br\/index.php?rest_route=%2Fwp%2Fv2%2Fcomments&post=9125"}],"version-history":[{"count":1,"href":"https:\/\/balancotocantins.com.br\/index.php?rest_route=\/wp\/v2\/posts\/9125\/revisions"}],"predecessor-version":[{"id":9127,"href":"https:\/\/balancotocantins.com.br\/index.php?rest_route=\/wp\/v2\/posts\/9125\/revisions\/9127"}],"wp:featuredmedia":[{"embeddable":true,"href":"https:\/\/balancotocantins.com.br\/index.php?rest_route=\/wp\/v2\/media\/9126"}],"wp:attachment":[{"href":"https:\/\/balancotocantins.com.br\/index.php?rest_route=%2Fwp%2Fv2%2Fmedia&parent=9125"}],"wp:term":[{"taxonomy":"category","embeddable":true,"href":"https:\/\/balancotocantins.com.br\/index.php?rest_route=%2Fwp%2Fv2%2Fcategories&post=9125"},{"taxonomy":"post_tag","embeddable":true,"href":"https:\/\/balancotocantins.com.br\/index.php?rest_route=%2Fwp%2Fv2%2Ftags&post=9125"}],"curies":[{"name":"wp","href":"https:\/\/api.w.org\/{rel}","templated":true}]}}