{"id":9323,"date":"2024-09-17T11:39:23","date_gmt":"2024-09-17T14:39:23","guid":{"rendered":"https:\/\/balancotocantins.com.br\/tetin-e-ivonete-disparam-em-cariri-e-alcancam-70-das-intencoes-de-votos\/"},"modified":"2024-09-20T11:12:08","modified_gmt":"2024-09-20T14:12:08","slug":"tetin-e-ivonete-disparam-em-cariri-e-alcancam-70-das-intencoes-de-votos","status":"publish","type":"post","link":"https:\/\/balancotocantins.com.br\/?p=9323","title":{"rendered":"Tetin e Ivonete disparam em Cariri e alcan\u00e7am 70% das inten\u00e7\u00f5es de votos"},"content":{"rendered":"<p><\/p>\n<p>O candidato a prefeito de Cariri Tetin (Uni\u00e3o Brasil) e sua candidata a vice, Ivonete Pereira (Republicanos), lideram a corrida eleitoral com folga, de acordo com pesquisa AR7 Pesquisas em parceria com a EMAPE Brasil Consultorias e Pesquisas divulgada nesta quarta-feira, 17. A dupla alcan\u00e7ou 70% das inten\u00e7\u00f5es de voto, contra 22,7% do segundo colocado, o vereador de Gurupi, Vald\u00f4nio Rodrigues. O levantamento tamb\u00e9m revelou que 87,7% dos entrevistados j\u00e1 decidiram em quem votar\u00e3o.<\/p>\n<p>\u201cAgrade\u00e7o ao povo de Cariri pela confian\u00e7a depositada em nosso projeto. Essa pesquisa mostra que estamos no caminho certo. Pe\u00e7o a nossa milit\u00e2ncia que continue unida e focada at\u00e9 a elei\u00e7\u00e3o, no dia 6 de outubro. Tenho f\u00e9 na vit\u00f3ria e, junto com a Ivonete, vamos continuar e avan\u00e7ar no grande trabalho que o J\u00fanior Maraj\u00f3 iniciou\u201d, afirmou Tetin.<\/p>\n<p><strong>Vald\u00f4nio lidera em rejei\u00e7\u00e3o<\/strong><\/p>\n<p>A pesquisa tamb\u00e9m revelou que o vereador de Gurupi Vald\u00f4nio Rodrigues lidera em rejei\u00e7\u00e3o, com 60,3% dos eleitores afirmando que n\u00e3o votariam nele de jeito nenhum.<\/p>\n<p><strong>Gest\u00e3o de J\u00fanior Maraj\u00f3 aprovada pela popula\u00e7\u00e3o<\/strong><\/p>\n<p>Outro destaque da pesquisa foi a alta aprova\u00e7\u00e3o da gest\u00e3o do atual prefeito de Cariri, J\u00fanior Maraj\u00f3 (PSD). Ele obteve na soma de \u00d3timo e Bom, \u00edndice de 70% de aprova\u00e7\u00e3o na cidade. O prefeito \u00e9 um dos grandes apoiadores da candidatura de Tetin e Ivonete.<\/p>\n<\/p>\n<p><strong>Metodologia da Pesquisa<\/strong><\/p>\n<p>A pesquisa AR7 Pesquisas em parceria com a EMAPE Brasil Consultorias e Pesquisas foi realizada em Cariri, com 300 entrevistados com idade acima de 16 anos, entre os dias 11 e 12 de setembro. O levantamento est\u00e1 registrado na Justi\u00e7a Eleitoral sob o n\u00famero TO-06140\/2024. O n\u00edvel de confian\u00e7a estimado \u00e9 de 95% e a margem de erro \u00e9 de cerca de 5,43 pontos percentuais para mais ou para menos.<\/p>\n<p>O post Tetin e Ivonete disparam em Cariri e alcan\u00e7am 70% das inten\u00e7\u00f5es de votos apareceu primeiro em RR10 Not\u00edcias.<\/p>\n<p><a href=\"https:\/\/rr10noticias.com.br\/tetin-e-ivonete-disparam-em-cariri-e-alcancam-70-das-intencoes-de-votos\/\">Fonte: RR10 Not\u00edcias<\/a><\/p>\n","protected":false},"excerpt":{"rendered":"<p>O candidato a prefeito de Cariri Tetin (Uni\u00e3o Brasil) e sua candidata a vice, Ivonete Pereira (Republicanos), lideram a corrida eleitoral com folga, de acordo com pesquisa AR7 Pesquisas em parceria com a EMAPE Brasil Consultorias e Pesquisas divulgada nesta quarta-feira, 17. A dupla alcan\u00e7ou 70% das inten\u00e7\u00f5es de voto, contra 22,7% do segundo colocado, [&hellip;]<\/p>\n","protected":false},"author":1,"featured_media":9324,"comment_status":"open","ping_status":"open","sticky":false,"template":"","format":"standard","meta":{"fifu_image_url":"https:\/\/i0.wp.com\/rr10noticias.com.br\/wp-content\/uploads\/2024\/09\/92d0e266-a902-4ccb-a701-f4539f68ed53.jpg?fit=1080%2C1080&ssl=1","fifu_image_alt":"","footnotes":""},"categories":[593],"tags":[7504,7503,185,3620,7505,7502,7500,7501,7477],"class_list":{"0":"post-9323","1":"post","2":"type-post","3":"status-publish","4":"format-standard","5":"has-post-thumbnail","7":"category-policia","8":"tag-alcancam","9":"tag-cariri","10":"tag-das","11":"tag-disparam","12":"tag-intencoes","13":"tag-ivonete","14":"tag-rr10-noticias","15":"tag-tetin","16":"tag-votos"},"_links":{"self":[{"href":"https:\/\/balancotocantins.com.br\/index.php?rest_route=\/wp\/v2\/posts\/9323","targetHints":{"allow":["GET"]}}],"collection":[{"href":"https:\/\/balancotocantins.com.br\/index.php?rest_route=\/wp\/v2\/posts"}],"about":[{"href":"https:\/\/balancotocantins.com.br\/index.php?rest_route=\/wp\/v2\/types\/post"}],"author":[{"embeddable":true,"href":"https:\/\/balancotocantins.com.br\/index.php?rest_route=\/wp\/v2\/users\/1"}],"replies":[{"embeddable":true,"href":"https:\/\/balancotocantins.com.br\/index.php?rest_route=%2Fwp%2Fv2%2Fcomments&post=9323"}],"version-history":[{"count":1,"href":"https:\/\/balancotocantins.com.br\/index.php?rest_route=\/wp\/v2\/posts\/9323\/revisions"}],"predecessor-version":[{"id":9325,"href":"https:\/\/balancotocantins.com.br\/index.php?rest_route=\/wp\/v2\/posts\/9323\/revisions\/9325"}],"wp:featuredmedia":[{"embeddable":true,"href":"https:\/\/balancotocantins.com.br\/index.php?rest_route=\/wp\/v2\/media\/9324"}],"wp:attachment":[{"href":"https:\/\/balancotocantins.com.br\/index.php?rest_route=%2Fwp%2Fv2%2Fmedia&parent=9323"}],"wp:term":[{"taxonomy":"category","embeddable":true,"href":"https:\/\/balancotocantins.com.br\/index.php?rest_route=%2Fwp%2Fv2%2Fcategories&post=9323"},{"taxonomy":"post_tag","embeddable":true,"href":"https:\/\/balancotocantins.com.br\/index.php?rest_route=%2Fwp%2Fv2%2Ftags&post=9323"}],"curies":[{"name":"wp","href":"https:\/\/api.w.org\/{rel}","templated":true}]}}