{"id":9560,"date":"2024-09-30T09:25:18","date_gmt":"2024-09-30T12:25:18","guid":{"rendered":"https:\/\/balancotocantins.com.br\/em-brejinho-de-nazare-homem-de-36-anos-e-morto-apos-ser-atingido-por-um-tiro-em-carreata-politica\/"},"modified":"2024-10-05T22:24:14","modified_gmt":"2024-10-06T01:24:14","slug":"em-brejinho-de-nazare-homem-de-36-anos-e-morto-apos-ser-atingido-por-um-tiro-em-carreata-politica","status":"publish","type":"post","link":"https:\/\/balancotocantins.com.br\/?p=9560","title":{"rendered":"Em Brejinho de Nazar\u00e9, homem de 36 anos \u00e9 morto ap\u00f3s ser atingido por um tiro em carreata pol\u00edtica"},"content":{"rendered":"<p><\/p>\n<p>F\u00e1bio Lopes Queiroz, de 36 anos, morreu na noite deste s\u00e1bado, 28, ap\u00f3s ser atingido por um tiro durante uma carreata pol\u00edtica em Brejinho de Nazar\u00e9. O evento fazia parte da campanha do candidato a prefeito, Dr. Murilo (UB). Segundo informa\u00e7\u00f5es apuradas, o autor do disparo, que ainda n\u00e3o foi identificado, participava da carreata e se envolveu em uma discuss\u00e3o com F\u00e1bio, que era apoiador do candidato advers\u00e1rio, Marquim Nobre (PP).<\/p>\n<p>A discuss\u00e3o escalou rapidamente, culminando no disparo que atingiu F\u00e1bio no t\u00f3rax. A v\u00edtima foi socorrida e levada ao Hospital Regional de Porto Nacional, mas, infelizmente, n\u00e3o resistiu aos ferimentos e faleceu.<\/p>\n<p>A Pol\u00edcia Militar foi acionada e registrou a ocorr\u00eancia, mas at\u00e9 o momento o autor do crime n\u00e3o foi preso. O caso gerou grande como\u00e7\u00e3o entre os moradores de Brejinho de Nazar\u00e9, onde F\u00e1bio era muito conhecido e querido. Nas redes sociais, amigos e familiares lamentam sua morte, ressaltando sua personalidade e amizade.<\/p>\n<p>Em nota, o candidato Dr. Murilo lamentou o ocorrido e disse que o caso est\u00e1 sendo devidamente apurado pelas autoridades policiais. \u201c\u00c9 fundamental que se aguarde a conclus\u00e3o das investiga\u00e7\u00f5es para que todos os fatos sejam esclarecidos\u201d, afirmou.<\/p>\n<p>O prefeito e candidato \u00e0 reelei\u00e7\u00e3o, Marquim Nobre (PP), que era compadre de F\u00e1bio, tamb\u00e9m se manifestou, destacando a tristeza pela perda de um amigo pr\u00f3ximo. \u201c\u00c9 um momento de profunda tristeza, perdi n\u00e3o s\u00f3 um filho de Brejinho, mas um grande amigo\u201d, declarou o prefeito.<\/p>\n<h2><strong>Investiga\u00e7\u00e3o<\/strong><\/h2>\n<p>O suspeito do crime tem 35 anos e atirou de dentro de um carro vermelho, com uma pistola registrada em seu nome, segundo a PM.<\/p>\n<p>A Pol\u00edcia Militar pediu apoio da For\u00e7a T\u00e1tica (FT) e viaturas de Monte do Carmo. Foram feitas buscas em poss\u00edveis endere\u00e7os ligados ao suspeito, mas ele n\u00e3o foi encontrado. O carro usado no crime foi localizado abandonado \u00e0s margens da TO-070, sa\u00edda para Porto Nacional. No assoalho do ve\u00edculo a per\u00edcia recolheu uma c\u00e1psula de pistola 9mm.<\/p>\n<p>A Secretaria da Seguran\u00e7a P\u00fablica do Tocantins informou que o caso foi registrado na 11\u00aa Central de Atendimento da Pol\u00edcia Civil, em Porto Nacional, mas a investiga\u00e7\u00e3o ser\u00e1 encaminhada para a 74\u00aa Delegacia de Pol\u00edcia de Brejinho de Nazar\u00e9 que dar\u00e1 continuidade ao inqu\u00e9rito.<\/p>\n<p>O post Em Brejinho de Nazar\u00e9, homem de 36 anos \u00e9 morto ap\u00f3s ser atingido por um tiro em carreata pol\u00edtica apareceu primeiro em RR10 Not\u00edcias.<\/p>\n<p><a href=\"https:\/\/rr10noticias.com.br\/em-brejinho-de-nazare-homem-de-36-anos-e-morto-apos-ser-atingido-por-um-tiro-em-carreata-politica\/\">Fonte: RR10 Not\u00edcias<\/a><\/p>\n","protected":false},"excerpt":{"rendered":"<p>F\u00e1bio Lopes Queiroz, de 36 anos, morreu na noite deste s\u00e1bado, 28, ap\u00f3s ser atingido por um tiro durante uma carreata pol\u00edtica em Brejinho de Nazar\u00e9. O evento fazia parte da campanha do candidato a prefeito, Dr. Murilo (UB). Segundo informa\u00e7\u00f5es apuradas, o autor do disparo, que ainda n\u00e3o foi identificado, participava da carreata e [&hellip;]<\/p>\n","protected":false},"author":1,"featured_media":9561,"comment_status":"open","ping_status":"open","sticky":false,"template":"","format":"standard","meta":{"fifu_image_url":"https:\/\/i0.wp.com\/rr10noticias.com.br\/wp-content\/uploads\/2024\/09\/4b0cab99-036a-4928-8df7-71495901bb08-860x547-1.jpeg?fit=860%2C547&ssl=1","fifu_image_alt":"","footnotes":""},"categories":[593],"tags":[123,443,7653,7651,7654,2593,6427,7652,325,73,7500,428,4456],"class_list":{"0":"post-9560","1":"post","2":"type-post","3":"status-publish","4":"format-standard","5":"has-post-thumbnail","7":"category-policia","8":"tag-anos","9":"tag-apos","10":"tag-atingido","11":"tag-brejinho","12":"tag-carreata","13":"tag-homem","14":"tag-morto","15":"tag-nazare","16":"tag-politica","17":"tag-por","18":"tag-rr10-noticias","19":"tag-ser","20":"tag-tiro"},"_links":{"self":[{"href":"https:\/\/balancotocantins.com.br\/index.php?rest_route=\/wp\/v2\/posts\/9560","targetHints":{"allow":["GET"]}}],"collection":[{"href":"https:\/\/balancotocantins.com.br\/index.php?rest_route=\/wp\/v2\/posts"}],"about":[{"href":"https:\/\/balancotocantins.com.br\/index.php?rest_route=\/wp\/v2\/types\/post"}],"author":[{"embeddable":true,"href":"https:\/\/balancotocantins.com.br\/index.php?rest_route=\/wp\/v2\/users\/1"}],"replies":[{"embeddable":true,"href":"https:\/\/balancotocantins.com.br\/index.php?rest_route=%2Fwp%2Fv2%2Fcomments&post=9560"}],"version-history":[{"count":1,"href":"https:\/\/balancotocantins.com.br\/index.php?rest_route=\/wp\/v2\/posts\/9560\/revisions"}],"predecessor-version":[{"id":9562,"href":"https:\/\/balancotocantins.com.br\/index.php?rest_route=\/wp\/v2\/posts\/9560\/revisions\/9562"}],"wp:featuredmedia":[{"embeddable":true,"href":"https:\/\/balancotocantins.com.br\/index.php?rest_route=\/wp\/v2\/media\/9561"}],"wp:attachment":[{"href":"https:\/\/balancotocantins.com.br\/index.php?rest_route=%2Fwp%2Fv2%2Fmedia&parent=9560"}],"wp:term":[{"taxonomy":"category","embeddable":true,"href":"https:\/\/balancotocantins.com.br\/index.php?rest_route=%2Fwp%2Fv2%2Fcategories&post=9560"},{"taxonomy":"post_tag","embeddable":true,"href":"https:\/\/balancotocantins.com.br\/index.php?rest_route=%2Fwp%2Fv2%2Ftags&post=9560"}],"curies":[{"name":"wp","href":"https:\/\/api.w.org\/{rel}","templated":true}]}}